{"id":81,"date":"2024-06-27T14:04:21","date_gmt":"2024-06-27T18:04:21","guid":{"rendered":"http:\/\/171.168.1.6\/wordpress\/?p=81"},"modified":"2025-04-07T09:58:02","modified_gmt":"2025-04-07T13:58:02","slug":"ejemplo","status":"publish","type":"post","link":"http:\/\/conapdis.gob.ve\/wordpress\/ejemplo\/","title":{"rendered":"EL PROGRAMA \u201cMARCANDO LA PAUTA\u201d DESTACA AVANCES DEL CONAPDIS Y LA FUNDACI\u00d3N MISI\u00d3N JOS\u00c9 GREGORIO HERN\u00c1NDEZ"},"content":{"rendered":"\n<figure class=\"wp-block-image size-large is-style-default\"><img fetchpriority=\"high\" decoding=\"async\" width=\"1024\" height=\"896\" src=\"http:\/\/conapdis.gob.ve\/wordpress\/wp-content\/uploads\/2024\/07\/Noticia-1-1024x896.jpeg\" alt=\"\" class=\"wp-image-204\" srcset=\"http:\/\/conapdis.gob.ve\/wordpress\/wp-content\/uploads\/2024\/07\/Noticia-1-1024x896.jpeg 1024w, http:\/\/conapdis.gob.ve\/wordpress\/wp-content\/uploads\/2024\/07\/Noticia-1-300x263.jpeg 300w, http:\/\/conapdis.gob.ve\/wordpress\/wp-content\/uploads\/2024\/07\/Noticia-1-768x672.jpeg 768w, http:\/\/conapdis.gob.ve\/wordpress\/wp-content\/uploads\/2024\/07\/Noticia-1.jpeg 1536w\" sizes=\"(max-width: 1024px) 100vw, 1024px\" \/><\/figure>\n\n\n\n<p>Soraida Ram\u00edrez Osorio presidenta del Consejo Nacional para las Personas con Discapacidad CONAPDIS y la Fundaci\u00f3n Misi\u00f3n Jose Gregorio Hern\u00e1ndez estuvo como invitada en el programa radial \u201cMarcando la Pauta\u201d por Ranking 100.7FM resaltando los logros obtenidos en el contexto de la Revoluci\u00f3n Bolivariana en materia de visibilizaci\u00f3n de las personas con discapacidad.<\/p>\n\n\n\n<p>En su participaci\u00f3n teniendo como tema principal la reci\u00e9n sancionada en segunda discusi\u00f3n sobre la Ley Org\u00e1nica para la Inclusi\u00f3n, Igualdad y Desarrollo Integral de las Personas con Discapacidad.<\/p>\n\n\n\n<p>Ram\u00edrez destac\u00f3 el compromiso del presidente Nicolas Maduro con este sector, \u201ces necesario esta aprobaci\u00f3n de ley de un sector muy importante, ciertamente dentro del sector en todos los \u00e1mbitos de la sociedad\u201d, de esta manera acot\u00f3: \u201clas personas con discapacidad, por su condici\u00f3n, son los m\u00e1s vulnerables, pero m\u00e1s que eso se reconoce todas sus capacidades, sus potencialidades y, por eso todo el esfuerzo de nuestro gobierno revolucionario\u201d.<\/p>\n\n\n\n<p>En el a\u00f1o 1999 el comandante eterno de la Revoluci\u00f3n Bolivariana Hugo Ch\u00e1vez en su alocuci\u00f3n reconoci\u00f3 por primera vez los derechos de las personas con alguna discapacidad y del compromiso del estado venezolano en las jornadas de Amor en Acci\u00f3n, registrando una participaci\u00f3n cercana al 90% y entrega ayudas m\u00e9dicas humanas cada fin de semana a nivel nacional.<\/p>\n\n\n\n<p>Con el objetivo de fortalecer las capacidades de atenci\u00f3n sobre la violencia basada en g\u00e9nero VBG contra ni\u00f1as, adolescentes y mujeres con discapacidad se realiza el convenio con el Fondo Poblacional creando un ejercicio que deja por escrito recomendaciones pr\u00e1cticas por tipo de discapacidad y por tipo de servicios, este presta servicio en el \u00e1rea metropolitana de la ciudad de caracas (Caricuao, El Valle, 23 de Enero y San Martin) junto con el Ministerio del Poder Popular para la Salud.<\/p>\n\n\n\n<p>Asimismo, dio a conocer sobre los beneficios que tiene el CONAPDIS en el Programa de Orientaci\u00f3n Familiar, sobre el continuo fortalecimiento en pro de la inclusi\u00f3n, el mismo est\u00e1 conformado por profesionales que apoyan de manera voluntaria, asimismo como el programa de Servicio de Comunicaci\u00f3n Accesible SENACOA\u201d, y la Fundaci\u00f3n Misi\u00f3n Jose Gregorio Hern\u00e1ndez el servicio de &nbsp;Laboratorio de \u00d3rtesis y Pr\u00f3tesis, una Sala de Rehabilitaci\u00f3n, Asesor\u00eda Jur\u00eddica, entre otros programas, acot\u00f3 Ram\u00edrez.<\/p>\n\n\n\n<p>Dentro de la alianza con la Escuela Nacional de la Defensa Publica dio a conocer sobre el lanzamiento del diplomado \u201cAccesibilidad y Ajuste Razonable, DDHH hacia las personas con discapacidad y la Lengua de Se\u00f1as Venezolana (LSV)\u201d la cual se dicta de manera presencial los d\u00edas martes tanto en los turnos vespertino y matutino, as\u00ed como el curso v\u00eda Online (mi\u00e9rcoles y viernes de 07:00 a 08:00pm) en la Escuela de Formaci\u00f3n Comunitaria Dr. Jose Gregorio Hern\u00e1ndez.<\/p>\n\n\n\n<p>Sigamos trabajando por la dignificaci\u00f3n de las personas con discapacidad con concienciaci\u00f3n y mayor sensibilizaci\u00f3n, debemos incluir lo diferente porque&nbsp;<strong>ser diferente es algo com\u00fan.<\/strong><\/p>\n\n\n\n<p><strong>Foto: CONAPDIS\/FMJGH<\/strong><\/p>\n<div class=\"gsp_post_data\" data-post_type=\"post\" data-cat=\"\" data-modified=\"120\" data-title=\"EL PROGRAMA \u201cMARCANDO LA PAUTA\u201d DESTACA AVANCES DEL CONAPDIS Y LA FUNDACI\u00d3N MISI\u00d3N JOS\u00c9 GREGORIO HERN\u00c1NDEZ\" data-home=\"http:\/\/conapdis.gob.ve\/wordpress\"><\/div>","protected":false},"excerpt":{"rendered":"<p>Soraida Ram\u00edrez Osorio presidenta del Consejo Nacional para las Personas con Discapacidad CONAPDIS y la Fundaci\u00f3n Misi\u00f3n Jose Gregorio Hern\u00e1ndez [&hellip;]<\/p>\n","protected":false},"author":2,"featured_media":204,"comment_status":"closed","ping_status":"closed","sticky":false,"template":"","format":"standard","meta":{"site-sidebar-layout":"default","site-content-layout":"","ast-site-content-layout":"","site-content-style":"default","site-sidebar-style":"default","ast-global-header-display":"","ast-banner-title-visibility":"","ast-main-header-display":"","ast-hfb-above-header-display":"","ast-hfb-below-header-display":"","ast-hfb-mobile-header-display":"","site-post-title":"","ast-breadcrumbs-content":"","ast-featured-img":"","footer-sml-layout":"","theme-transparent-header-meta":"","adv-header-id-meta":"","stick-header-meta":"","header-above-stick-meta":"","header-main-stick-meta":"","header-below-stick-meta":"","astra-migrate-meta-layouts":"default","ast-page-background-enabled":"default","ast-page-background-meta":{"desktop":{"background-color":"var(--ast-global-color-4)","background-image":"","background-repeat":"repeat","background-position":"center center","background-size":"auto","background-attachment":"scroll","background-type":"","background-media":"","overlay-type":"","overlay-color":"","overlay-opacity":"","overlay-gradient":""},"tablet":{"background-color":"","background-image":"","background-repeat":"repeat","background-position":"center center","background-size":"auto","background-attachment":"scroll","background-type":"","background-media":"","overlay-type":"","overlay-color":"","overlay-opacity":"","overlay-gradient":""},"mobile":{"background-color":"","background-image":"","background-repeat":"repeat","background-position":"center center","background-size":"auto","background-attachment":"scroll","background-type":"","background-media":"","overlay-type":"","overlay-color":"","overlay-opacity":"","overlay-gradient":""}},"ast-content-background-meta":{"desktop":{"background-color":"var(--ast-global-color-5)","background-image":"","background-repeat":"repeat","background-position":"center center","background-size":"auto","background-attachment":"scroll","background-type":"","background-media":"","overlay-type":"","overlay-color":"","overlay-opacity":"","overlay-gradient":""},"tablet":{"background-color":"var(--ast-global-color-5)","background-image":"","background-repeat":"repeat","background-position":"center center","background-size":"auto","background-attachment":"scroll","background-type":"","background-media":"","overlay-type":"","overlay-color":"","overlay-opacity":"","overlay-gradient":""},"mobile":{"background-color":"var(--ast-global-color-5)","background-image":"","background-repeat":"repeat","background-position":"center center","background-size":"auto","background-attachment":"scroll","background-type":"","background-media":"","overlay-type":"","overlay-color":"","overlay-opacity":"","overlay-gradient":""}},"footnotes":""},"categories":[],"tags":[],"class_list":["post-81","post","type-post","status-publish","format-standard","has-post-thumbnail","hentry"],"_links":{"self":[{"href":"http:\/\/conapdis.gob.ve\/wordpress\/wp-json\/wp\/v2\/posts\/81"}],"collection":[{"href":"http:\/\/conapdis.gob.ve\/wordpress\/wp-json\/wp\/v2\/posts"}],"about":[{"href":"http:\/\/conapdis.gob.ve\/wordpress\/wp-json\/wp\/v2\/types\/post"}],"author":[{"embeddable":true,"href":"http:\/\/conapdis.gob.ve\/wordpress\/wp-json\/wp\/v2\/users\/2"}],"replies":[{"embeddable":true,"href":"http:\/\/conapdis.gob.ve\/wordpress\/wp-json\/wp\/v2\/comments?post=81"}],"version-history":[{"count":5,"href":"http:\/\/conapdis.gob.ve\/wordpress\/wp-json\/wp\/v2\/posts\/81\/revisions"}],"predecessor-version":[{"id":2617,"href":"http:\/\/conapdis.gob.ve\/wordpress\/wp-json\/wp\/v2\/posts\/81\/revisions\/2617"}],"wp:featuredmedia":[{"embeddable":true,"href":"http:\/\/conapdis.gob.ve\/wordpress\/wp-json\/wp\/v2\/media\/204"}],"wp:attachment":[{"href":"http:\/\/conapdis.gob.ve\/wordpress\/wp-json\/wp\/v2\/media?parent=81"}],"wp:term":[{"taxonomy":"category","embeddable":true,"href":"http:\/\/conapdis.gob.ve\/wordpress\/wp-json\/wp\/v2\/categories?post=81"},{"taxonomy":"post_tag","embeddable":true,"href":"http:\/\/conapdis.gob.ve\/wordpress\/wp-json\/wp\/v2\/tags?post=81"}],"curies":[{"name":"wp","href":"https:\/\/api.w.org\/{rel}","templated":true}]}}