{"id":5599,"date":"2026-03-02T10:23:12","date_gmt":"2026-03-02T14:23:12","guid":{"rendered":"http:\/\/conapdis.gob.ve\/wordpress\/?p=5599"},"modified":"2026-03-02T10:36:53","modified_gmt":"2026-03-02T14:36:53","slug":"jornada-social-integral-llevo-amor-en-accion-al-municipio-jose-maria-vargas-en-tachira","status":"publish","type":"post","link":"http:\/\/conapdis.gob.ve\/wordpress\/jornada-social-integral-llevo-amor-en-accion-al-municipio-jose-maria-vargas-en-tachira\/","title":{"rendered":"Jornada Social Integral llev\u00f3 amor en acci\u00f3n al municipio Jos\u00e9 Mar\u00eda Vargas en T\u00e1chira"},"content":{"rendered":"\t\t<div data-elementor-type=\"wp-post\" data-elementor-id=\"5599\" class=\"elementor elementor-5599\" data-elementor-post-type=\"post\">\n\t\t\t\t<div class=\"elementor-element elementor-element-15b7d36 e-flex e-con-boxed e-con e-parent\" data-id=\"15b7d36\" data-element_type=\"container\">\n\t\t\t\t\t<div class=\"e-con-inner\">\n\t\t\t\t<div class=\"elementor-element elementor-element-59554cd elementor-widget elementor-widget-heading\" data-id=\"59554cd\" data-element_type=\"widget\" data-widget_type=\"heading.default\">\n\t\t\t\t<div class=\"elementor-widget-container\">\n\t\t\t<style>\/*! elementor - v3.22.0 - 26-06-2024 *\/\n.elementor-heading-title{padding:0;margin:0;line-height:1}.elementor-widget-heading .elementor-heading-title[class*=elementor-size-]>a{color:inherit;font-size:inherit;line-height:inherit}.elementor-widget-heading .elementor-heading-title.elementor-size-small{font-size:15px}.elementor-widget-heading .elementor-heading-title.elementor-size-medium{font-size:19px}.elementor-widget-heading .elementor-heading-title.elementor-size-large{font-size:29px}.elementor-widget-heading .elementor-heading-title.elementor-size-xl{font-size:39px}.elementor-widget-heading .elementor-heading-title.elementor-size-xxl{font-size:59px}<\/style><h5 class=\"elementor-heading-title elementor-size-default\">Instituciones regionales y nacionales desplegaron atenci\u00f3n integral en las zonas de monta\u00f1a<\/h5>\t\t<\/div>\n\t\t\t\t<\/div>\n\t\t\t\t\t<\/div>\n\t\t\t\t<\/div>\n\t\t<div class=\"elementor-element elementor-element-1d7f1db e-flex e-con-boxed e-con e-parent\" data-id=\"1d7f1db\" data-element_type=\"container\">\n\t\t\t\t\t<div class=\"e-con-inner\">\n\t\t\t\t<div class=\"elementor-element elementor-element-46045f0 elementor-widget elementor-widget-text-editor\" data-id=\"46045f0\" data-element_type=\"widget\" data-widget_type=\"text-editor.default\">\n\t\t\t\t<div class=\"elementor-widget-container\">\n\t\t\t<style>\/*! elementor - v3.22.0 - 26-06-2024 *\/\n.elementor-widget-text-editor.elementor-drop-cap-view-stacked .elementor-drop-cap{background-color:#69727d;color:#fff}.elementor-widget-text-editor.elementor-drop-cap-view-framed .elementor-drop-cap{color:#69727d;border:3px solid;background-color:transparent}.elementor-widget-text-editor:not(.elementor-drop-cap-view-default) .elementor-drop-cap{margin-top:8px}.elementor-widget-text-editor:not(.elementor-drop-cap-view-default) .elementor-drop-cap-letter{width:1em;height:1em}.elementor-widget-text-editor .elementor-drop-cap{float:left;text-align:center;line-height:1;font-size:50px}.elementor-widget-text-editor .elementor-drop-cap-letter{display:inline-block}<\/style>\t\t\t\t<p>En un ambiente de esperanza, solidaridad y compromiso social, este s\u00e1bado 28 de febrero se realiz\u00f3 una Jornada Social Integral en la Aldea Angostura, municipio Jos\u00e9 Mar\u00eda Vargas, llevando atenci\u00f3n directa y respuestas concretas a las comunidades de monta\u00f1a.<\/p><p>Bajo el esp\u00edritu de unidad que caracteriza al pueblo tachirense, el despliegue articul\u00f3 esfuerzos, entre el Consejo Nacional para las Personas con Discapacidad (CONAPDIS) y la Fundaci\u00f3n Misi\u00f3n Jos\u00e9 Gregorio Hern\u00e1ndez (FMJGH), la Fundaci\u00f3n Familia Tachirense, FUNDES, el equipo de Salud, el \u00e1rea de Recreaci\u00f3n y la Gobernaci\u00f3n del estado T\u00e1chira.<\/p><p>Durante la jornada se brind\u00f3 atenci\u00f3n personalizada a las familias de la comunidad, priorizando a las personas con discapacidad y a quienes se encuentran en situaci\u00f3n de mayor vulnerabilidad. Entre las acciones desarrolladas destacan la evaluaci\u00f3n de casos sociales, orientaci\u00f3n institucional, atenci\u00f3n m\u00e9dica, actividades recreativas y la entrega de ayudas humanas por parte del Ejecutivo regional.<\/p><p>Uno de los principales objetivos de la actividad fue garantizar el acceso directo a los servicios institucionales en sectores de dif\u00edcil acceso, reafirmando el compromiso de llevar las pol\u00edticas p\u00fablicas hasta las comunidades m\u00e1s apartadas.<\/p><p>La presencia articulada de los entes participantes permiti\u00f3 escuchar de primera mano las necesidades de la poblaci\u00f3n, ofrecer respuestas oportunas y fortalecer el v\u00ednculo entre gobierno y comunidad, bajo una visi\u00f3n de inclusi\u00f3n real donde nadie se quede atr\u00e1s.<\/p><p>Esta Jornada Social Integral representa el trabajo constante en las comunidades, consolidando el compromiso social con hechos concretos. El despliegue reafirma la vocaci\u00f3n de servicio y la voluntad de continuar en las \u201ccatacumbas del pueblo\u201d, acompa\u00f1ando a cada familia tachirense y construyendo bienestar colectivo.<\/p><p>Las instituciones participantes ratificaron su disposici\u00f3n de seguir avanzando en la atenci\u00f3n integral, con el coraz\u00f3n puesto en el pueblo y la mirada firme en el desarrollo humano y social del estado T\u00e1chira.<\/p>\t\t\t\t\t\t<\/div>\n\t\t\t\t<\/div>\n\t\t\t\t\t<\/div>\n\t\t\t\t<\/div>\n\t\t<div class=\"elementor-element elementor-element-29d95a0 e-flex e-con-boxed e-con e-parent\" data-id=\"29d95a0\" data-element_type=\"container\">\n\t\t\t\t\t<div class=\"e-con-inner\">\n\t\t\t\t<div class=\"elementor-element elementor-element-4ad0a71 elementor-widget elementor-widget-image\" data-id=\"4ad0a71\" data-element_type=\"widget\" data-widget_type=\"image.default\">\n\t\t\t\t<div class=\"elementor-widget-container\">\n\t\t\t<style>\/*! elementor - v3.22.0 - 26-06-2024 *\/\n.elementor-widget-image{text-align:center}.elementor-widget-image a{display:inline-block}.elementor-widget-image a img[src$=\".svg\"]{width:48px}.elementor-widget-image img{vertical-align:middle;display:inline-block}<\/style>\t\t\t\t\t\t\t\t\t\t<img fetchpriority=\"high\" decoding=\"async\" width=\"1024\" height=\"768\" src=\"http:\/\/conapdis.gob.ve\/wordpress\/wp-content\/uploads\/2026\/03\/4978956274460462134-1-1-1024x768.jpg\" class=\"attachment-large size-large wp-image-5603\" alt=\"\" srcset=\"http:\/\/conapdis.gob.ve\/wordpress\/wp-content\/uploads\/2026\/03\/4978956274460462134-1-1-1024x768.jpg 1024w, http:\/\/conapdis.gob.ve\/wordpress\/wp-content\/uploads\/2026\/03\/4978956274460462134-1-1-300x225.jpg 300w, http:\/\/conapdis.gob.ve\/wordpress\/wp-content\/uploads\/2026\/03\/4978956274460462134-1-1-768x576.jpg 768w, http:\/\/conapdis.gob.ve\/wordpress\/wp-content\/uploads\/2026\/03\/4978956274460462134-1-1.jpg 1152w\" sizes=\"(max-width: 1024px) 100vw, 1024px\" \/>\t\t\t\t\t\t\t\t\t\t\t\t\t<\/div>\n\t\t\t\t<\/div>\n\t\t\t\t\t<\/div>\n\t\t\t\t<\/div>\n\t\t<div class=\"elementor-element elementor-element-a062cad e-flex e-con-boxed e-con e-parent\" data-id=\"a062cad\" data-element_type=\"container\">\n\t\t\t\t\t<div class=\"e-con-inner\">\n\t\t\t\t<div class=\"elementor-element elementor-element-f1945d4 elementor-widget elementor-widget-image\" data-id=\"f1945d4\" data-element_type=\"widget\" data-widget_type=\"image.default\">\n\t\t\t\t<div class=\"elementor-widget-container\">\n\t\t\t\t\t\t\t\t\t\t\t\t\t<img decoding=\"async\" width=\"1024\" height=\"768\" src=\"http:\/\/conapdis.gob.ve\/wordpress\/wp-content\/uploads\/2026\/03\/4978956274460462133-1-1-1024x768.jpg\" class=\"attachment-large size-large wp-image-5604\" alt=\"\" srcset=\"http:\/\/conapdis.gob.ve\/wordpress\/wp-content\/uploads\/2026\/03\/4978956274460462133-1-1-1024x768.jpg 1024w, http:\/\/conapdis.gob.ve\/wordpress\/wp-content\/uploads\/2026\/03\/4978956274460462133-1-1-300x225.jpg 300w, http:\/\/conapdis.gob.ve\/wordpress\/wp-content\/uploads\/2026\/03\/4978956274460462133-1-1-768x576.jpg 768w, http:\/\/conapdis.gob.ve\/wordpress\/wp-content\/uploads\/2026\/03\/4978956274460462133-1-1.jpg 1152w\" sizes=\"(max-width: 1024px) 100vw, 1024px\" \/>\t\t\t\t\t\t\t\t\t\t\t\t\t<\/div>\n\t\t\t\t<\/div>\n\t\t\t\t\t<\/div>\n\t\t\t\t<\/div>\n\t\t\t\t<\/div>\n\t\t<div class=\"gsp_post_data\" data-post_type=\"post\" data-cat=\"\" data-modified=\"120\" data-title=\"Jornada Social Integral llev\u00f3 amor en acci\u00f3n al municipio Jos\u00e9 Mar\u00eda Vargas en T\u00e1chira\" data-home=\"http:\/\/conapdis.gob.ve\/wordpress\"><\/div>","protected":false},"excerpt":{"rendered":"<p>Instituciones regionales y nacionales desplegaron atenci\u00f3n integral en las zonas de monta\u00f1a En un ambiente de esperanza, solidaridad y compromiso [&hellip;]<\/p>\n","protected":false},"author":2,"featured_media":5603,"comment_status":"closed","ping_status":"open","sticky":false,"template":"","format":"standard","meta":{"site-sidebar-layout":"default","site-content-layout":"","ast-site-content-layout":"","site-content-style":"default","site-sidebar-style":"default","ast-global-header-display":"","ast-banner-title-visibility":"","ast-main-header-display":"","ast-hfb-above-header-display":"","ast-hfb-below-header-display":"","ast-hfb-mobile-header-display":"","site-post-title":"","ast-breadcrumbs-content":"","ast-featured-img":"","footer-sml-layout":"","theme-transparent-header-meta":"","adv-header-id-meta":"","stick-header-meta":"","header-above-stick-meta":"","header-main-stick-meta":"","header-below-stick-meta":"","astra-migrate-meta-layouts":"default","ast-page-background-enabled":"default","ast-page-background-meta":{"desktop":{"background-color":"var(--ast-global-color-4)","background-image":"","background-repeat":"repeat","background-position":"center center","background-size":"auto","background-attachment":"scroll","background-type":"","background-media":"","overlay-type":"","overlay-color":"","overlay-opacity":"","overlay-gradient":""},"tablet":{"background-color":"","background-image":"","background-repeat":"repeat","background-position":"center center","background-size":"auto","background-attachment":"scroll","background-type":"","background-media":"","overlay-type":"","overlay-color":"","overlay-opacity":"","overlay-gradient":""},"mobile":{"background-color":"","background-image":"","background-repeat":"repeat","background-position":"center center","background-size":"auto","background-attachment":"scroll","background-type":"","background-media":"","overlay-type":"","overlay-color":"","overlay-opacity":"","overlay-gradient":""}},"ast-content-background-meta":{"desktop":{"background-color":"var(--ast-global-color-5)","background-image":"","background-repeat":"repeat","background-position":"center center","background-size":"auto","background-attachment":"scroll","background-type":"","background-media":"","overlay-type":"","overlay-color":"","overlay-opacity":"","overlay-gradient":""},"tablet":{"background-color":"var(--ast-global-color-5)","background-image":"","background-repeat":"repeat","background-position":"center center","background-size":"auto","background-attachment":"scroll","background-type":"","background-media":"","overlay-type":"","overlay-color":"","overlay-opacity":"","overlay-gradient":""},"mobile":{"background-color":"var(--ast-global-color-5)","background-image":"","background-repeat":"repeat","background-position":"center center","background-size":"auto","background-attachment":"scroll","background-type":"","background-media":"","overlay-type":"","overlay-color":"","overlay-opacity":"","overlay-gradient":""}},"footnotes":""},"categories":[],"tags":[],"class_list":["post-5599","post","type-post","status-publish","format-standard","has-post-thumbnail","hentry"],"_links":{"self":[{"href":"http:\/\/conapdis.gob.ve\/wordpress\/wp-json\/wp\/v2\/posts\/5599"}],"collection":[{"href":"http:\/\/conapdis.gob.ve\/wordpress\/wp-json\/wp\/v2\/posts"}],"about":[{"href":"http:\/\/conapdis.gob.ve\/wordpress\/wp-json\/wp\/v2\/types\/post"}],"author":[{"embeddable":true,"href":"http:\/\/conapdis.gob.ve\/wordpress\/wp-json\/wp\/v2\/users\/2"}],"replies":[{"embeddable":true,"href":"http:\/\/conapdis.gob.ve\/wordpress\/wp-json\/wp\/v2\/comments?post=5599"}],"version-history":[{"count":4,"href":"http:\/\/conapdis.gob.ve\/wordpress\/wp-json\/wp\/v2\/posts\/5599\/revisions"}],"predecessor-version":[{"id":5607,"href":"http:\/\/conapdis.gob.ve\/wordpress\/wp-json\/wp\/v2\/posts\/5599\/revisions\/5607"}],"wp:featuredmedia":[{"embeddable":true,"href":"http:\/\/conapdis.gob.ve\/wordpress\/wp-json\/wp\/v2\/media\/5603"}],"wp:attachment":[{"href":"http:\/\/conapdis.gob.ve\/wordpress\/wp-json\/wp\/v2\/media?parent=5599"}],"wp:term":[{"taxonomy":"category","embeddable":true,"href":"http:\/\/conapdis.gob.ve\/wordpress\/wp-json\/wp\/v2\/categories?post=5599"},{"taxonomy":"post_tag","embeddable":true,"href":"http:\/\/conapdis.gob.ve\/wordpress\/wp-json\/wp\/v2\/tags?post=5599"}],"curies":[{"name":"wp","href":"https:\/\/api.w.org\/{rel}","templated":true}]}}