{"id":5587,"date":"2026-02-23T14:48:49","date_gmt":"2026-02-23T18:48:49","guid":{"rendered":"http:\/\/conapdis.gob.ve\/wordpress\/?p=5587"},"modified":"2026-02-23T17:10:14","modified_gmt":"2026-02-23T21:10:14","slug":"conapdis-y-fmjgh-articulan-con-movimientos-sociales-agenda-estrategica-2026-en-el-marco-de-las-7t","status":"publish","type":"post","link":"http:\/\/conapdis.gob.ve\/wordpress\/conapdis-y-fmjgh-articulan-con-movimientos-sociales-agenda-estrategica-2026-en-el-marco-de-las-7t\/","title":{"rendered":"Conapdis y FMJGH articulan con movimientos sociales agenda estrat\u00e9gica 2026 en el marco de las 7T"},"content":{"rendered":"\t\t<div data-elementor-type=\"wp-post\" data-elementor-id=\"5587\" class=\"elementor elementor-5587\" data-elementor-post-type=\"post\">\n\t\t\t\t<div class=\"elementor-element elementor-element-3576096 e-flex e-con-boxed e-con e-parent\" data-id=\"3576096\" data-element_type=\"container\">\n\t\t\t\t\t<div class=\"e-con-inner\">\n\t\t\t\t<div class=\"elementor-element elementor-element-2613c48 elementor-widget elementor-widget-text-editor\" data-id=\"2613c48\" data-element_type=\"widget\" data-widget_type=\"text-editor.default\">\n\t\t\t\t<div class=\"elementor-widget-container\">\n\t\t\t<style>\/*! elementor - v3.22.0 - 26-06-2024 *\/\n.elementor-widget-text-editor.elementor-drop-cap-view-stacked .elementor-drop-cap{background-color:#69727d;color:#fff}.elementor-widget-text-editor.elementor-drop-cap-view-framed .elementor-drop-cap{color:#69727d;border:3px solid;background-color:transparent}.elementor-widget-text-editor:not(.elementor-drop-cap-view-default) .elementor-drop-cap{margin-top:8px}.elementor-widget-text-editor:not(.elementor-drop-cap-view-default) .elementor-drop-cap-letter{width:1em;height:1em}.elementor-widget-text-editor .elementor-drop-cap{float:left;text-align:center;line-height:1;font-size:50px}.elementor-widget-text-editor .elementor-drop-cap-letter{display:inline-block}<\/style>\t\t\t\t<p style=\"text-align: justify;\">En un paso fundamental para la consolidaci\u00f3n del Poder Popular y la construcci\u00f3n de pol\u00edticas p\u00fablicas inclusivas, el <span class=\"whitespace-normal\">Consejo Nacional para las Personas con Discapacidad<\/span> (Conapdis) y la <span class=\"whitespace-normal\">Fundaci\u00f3n Misi\u00f3n Jos\u00e9 Gregorio Hern\u00e1ndez<\/span> (FMJGH) sostienen un encuentro con representantes de los distintos movimientos sociales, con el prop\u00f3sito de afinar la <strong data-start=\"771\" data-end=\"797\"><span style=\"font-weight: normal;\">agenda de trabajo 2026<\/span><\/strong><b>,<\/b> en coherencia con las orientaciones del <strong data-start=\"839\" data-end=\"860\"><span style=\"font-weight: normal;\">Plan de la Patria<\/span><\/strong> y las <strong data-start=\"867\" data-end=\"894\"><span style=\"font-weight: normal;\">7 Transformaciones (7T)<\/span><\/strong><b> <\/b>impulsadas por el Gobierno Bolivariano.<\/p><p style=\"text-align: justify;\" data-start=\"936\" data-end=\"1304\">La reuni\u00f3n se llev\u00f3 a cabo en el <strong data-start=\"969\" data-end=\"1039\"><span style=\"font-weight: normal;\">Sal\u00f3n de Usos M\u00faltiples G\/J Jorge Luis Garc\u00eda Carneiro<\/span><\/strong>, ubicado en la sede del <strong data-start=\"1064\" data-end=\"1108\"><span style=\"font-weight: normal;\">Viceministerio para la Protecci\u00f3n Social<\/span><\/strong> en Caracas, espacio que ha sido habilitado para fortalecer la articulaci\u00f3n comunitaria y la planificaci\u00f3n estrat\u00e9gica con los actores sociales comprometidos con la inclusi\u00f3n y la justicia social.<\/p><p style=\"text-align: justify;\">El encuentro cont\u00f3 con la participaci\u00f3n de la Mag\u00edster Aurelix Salcedo, presidenta del Consejo Nacional para las Personas con Discapacidad (Conapdis), y de Carolina Rojas, presidenta de la <span class=\"whitespace-normal\">Fundaci\u00f3n Misi\u00f3n Jos\u00e9 Gregorio Hern\u00e1ndez<\/span> (FMJGH), quienes reafirmaron el compromiso institucional de avanzar hacia una gesti\u00f3n territorial, inclusiva y articulada con las bases sociales.<\/p><p style=\"text-align: justify;\" data-start=\"1306\" data-end=\"1676\">Este espacio de di\u00e1logo y construcci\u00f3n colectiva forma parte de la pol\u00edtica de poder popular y gesti\u00f3n comunitaria, enmarcada en el compromiso de avanzar hacia una <strong data-start=\"1470\" data-end=\"1497\"><span style=\"font-weight: normal;\">sociedad m\u00e1s equitativa<\/span><\/strong><b>,<\/b> donde las personas con discapacidad y sus organizaciones sean protagonistas en el dise\u00f1o, ejecuci\u00f3n y seguimiento de las pol\u00edticas p\u00fablicas que impactan sus vidas y territorios.<\/p><p style=\"text-align: justify;\">El Conapdis expresa su agradecimiento a los distintos representantes y vocer\u00edas sociales que aportan al di\u00e1logo y la construcci\u00f3n colectiva <strong><span style=\"font-weight: normal;\">Iv\u00e1n Castillo<\/span><\/strong>, presidente de la director del Movimiento Bast\u00f3n Blanco; <strong><span style=\"font-weight: normal;\">Luis Rojas<\/span><\/strong>, director de la Direcci\u00f3n de Atenci\u00f3n a las Personas con Discapacidad de Caracas (Dapcondis); <strong><span style=\"font-weight: normal;\">Aid\u00e9e Berroter\u00e1n<\/span><\/strong>, madre cuidadora comprometida con la atenci\u00f3n familiar; Jes\u00fas D\u00edas, representante de Faidis, quien manifest\u00f3 que debemos <strong data-start=\"1761\" data-end=\"1827\"><span style=\"font-weight: normal;\">reconocer el legado de los luchadores sociales que ya no est\u00e1n<\/span><\/strong>, valor fundamental en la memoria hist\u00f3rica del movimiento social.<\/p><p style=\"text-align: justify;\" data-start=\"1678\" data-end=\"2035\">En el encuentro se revisan propuestas, l\u00edneas program\u00e1ticas y mecanismos de coordinaci\u00f3n directa con los movimientos sociales organizados, con el fin de consolidar una agenda com\u00fan que responda a las necesidades hist\u00f3ricas del pueblo y promueva la inclusi\u00f3n, la protecci\u00f3n social, la atenci\u00f3n integral y la participaci\u00f3n generadora de cambios estructurales.<\/p><p style=\"text-align: justify;\" data-start=\"2037\" data-end=\"2376\">La agenda para 2026 contempla, entre otros aspectos, el fortalecimiento del despliegue territorial, la ampliaci\u00f3n de programas de atenci\u00f3n integral, el acompa\u00f1amiento a las bases sociales y la articulaci\u00f3n de acciones dirigidas a garantizar derechos desde el enfoque comunitario y humanista promovido por las 7T del proceso revolucionario.<\/p><p style=\"text-align: justify;\" data-start=\"2378\" data-end=\"2689\">Este encuentro estrat\u00e9gico reafirma el compromiso del Estado venezolano y de las instituciones convocantes con la <strong data-start=\"2492\" data-end=\"2573\"><span style=\"font-weight: normal;\">transformaci\u00f3n social, la inclusi\u00f3n y el empoderamiento del pueblo organizado<\/span><\/strong>, consolidando un modelo de gesti\u00f3n en el que las pol\u00edticas p\u00fablicas se construyen desde las bases y para las bases.<\/p>\t\t\t\t\t\t<\/div>\n\t\t\t\t<\/div>\n\t\t\t\t\t<\/div>\n\t\t\t\t<\/div>\n\t\t<div class=\"elementor-element elementor-element-1214e1a e-flex e-con-boxed e-con e-parent\" data-id=\"1214e1a\" data-element_type=\"container\">\n\t\t\t\t\t<div class=\"e-con-inner\">\n\t\t\t\t<div class=\"elementor-element elementor-element-5b42c3e elementor-widget elementor-widget-image\" data-id=\"5b42c3e\" data-element_type=\"widget\" data-widget_type=\"image.default\">\n\t\t\t\t<div class=\"elementor-widget-container\">\n\t\t\t<style>\/*! elementor - v3.22.0 - 26-06-2024 *\/\n.elementor-widget-image{text-align:center}.elementor-widget-image a{display:inline-block}.elementor-widget-image a img[src$=\".svg\"]{width:48px}.elementor-widget-image img{vertical-align:middle;display:inline-block}<\/style>\t\t\t\t\t\t\t\t\t\t<img fetchpriority=\"high\" decoding=\"async\" width=\"1024\" height=\"682\" src=\"http:\/\/conapdis.gob.ve\/wordpress\/wp-content\/uploads\/2026\/02\/photo_2026-02-23_14-17-17-1024x682.jpg\" class=\"attachment-large size-large wp-image-5588\" alt=\"\" srcset=\"http:\/\/conapdis.gob.ve\/wordpress\/wp-content\/uploads\/2026\/02\/photo_2026-02-23_14-17-17-1024x682.jpg 1024w, http:\/\/conapdis.gob.ve\/wordpress\/wp-content\/uploads\/2026\/02\/photo_2026-02-23_14-17-17-300x200.jpg 300w, http:\/\/conapdis.gob.ve\/wordpress\/wp-content\/uploads\/2026\/02\/photo_2026-02-23_14-17-17-768x512.jpg 768w, http:\/\/conapdis.gob.ve\/wordpress\/wp-content\/uploads\/2026\/02\/photo_2026-02-23_14-17-17.jpg 1280w\" sizes=\"(max-width: 1024px) 100vw, 1024px\" \/>\t\t\t\t\t\t\t\t\t\t\t\t\t<\/div>\n\t\t\t\t<\/div>\n\t\t\t\t\t<\/div>\n\t\t\t\t<\/div>\n\t\t<div class=\"elementor-element elementor-element-b3ccb4d e-flex e-con-boxed e-con e-parent\" data-id=\"b3ccb4d\" data-element_type=\"container\">\n\t\t\t\t\t<div class=\"e-con-inner\">\n\t\t\t\t<div class=\"elementor-element elementor-element-38dee94 elementor-widget elementor-widget-image\" data-id=\"38dee94\" data-element_type=\"widget\" data-widget_type=\"image.default\">\n\t\t\t\t<div class=\"elementor-widget-container\">\n\t\t\t\t\t\t\t\t\t\t\t\t\t<img decoding=\"async\" width=\"1024\" height=\"682\" src=\"http:\/\/conapdis.gob.ve\/wordpress\/wp-content\/uploads\/2026\/02\/photo_2026-02-23_14-17-18-3-1024x682.jpg\" class=\"attachment-large size-large wp-image-5589\" alt=\"\" srcset=\"http:\/\/conapdis.gob.ve\/wordpress\/wp-content\/uploads\/2026\/02\/photo_2026-02-23_14-17-18-3-1024x682.jpg 1024w, http:\/\/conapdis.gob.ve\/wordpress\/wp-content\/uploads\/2026\/02\/photo_2026-02-23_14-17-18-3-300x200.jpg 300w, http:\/\/conapdis.gob.ve\/wordpress\/wp-content\/uploads\/2026\/02\/photo_2026-02-23_14-17-18-3-768x512.jpg 768w, http:\/\/conapdis.gob.ve\/wordpress\/wp-content\/uploads\/2026\/02\/photo_2026-02-23_14-17-18-3.jpg 1280w\" sizes=\"(max-width: 1024px) 100vw, 1024px\" \/>\t\t\t\t\t\t\t\t\t\t\t\t\t<\/div>\n\t\t\t\t<\/div>\n\t\t\t\t\t<\/div>\n\t\t\t\t<\/div>\n\t\t<div class=\"elementor-element elementor-element-755cd5d e-flex e-con-boxed e-con e-parent\" data-id=\"755cd5d\" data-element_type=\"container\">\n\t\t\t\t\t<div class=\"e-con-inner\">\n\t\t\t\t<div class=\"elementor-element elementor-element-b96d59f elementor-widget elementor-widget-image\" data-id=\"b96d59f\" data-element_type=\"widget\" data-widget_type=\"image.default\">\n\t\t\t\t<div class=\"elementor-widget-container\">\n\t\t\t\t\t\t\t\t\t\t\t\t\t<img decoding=\"async\" width=\"1024\" height=\"682\" src=\"http:\/\/conapdis.gob.ve\/wordpress\/wp-content\/uploads\/2026\/02\/photo_2026-02-23_14-17-18-1024x682.jpg\" class=\"attachment-large size-large wp-image-5592\" alt=\"\" srcset=\"http:\/\/conapdis.gob.ve\/wordpress\/wp-content\/uploads\/2026\/02\/photo_2026-02-23_14-17-18-1024x682.jpg 1024w, http:\/\/conapdis.gob.ve\/wordpress\/wp-content\/uploads\/2026\/02\/photo_2026-02-23_14-17-18-300x200.jpg 300w, http:\/\/conapdis.gob.ve\/wordpress\/wp-content\/uploads\/2026\/02\/photo_2026-02-23_14-17-18-768x512.jpg 768w, http:\/\/conapdis.gob.ve\/wordpress\/wp-content\/uploads\/2026\/02\/photo_2026-02-23_14-17-18.jpg 1280w\" sizes=\"(max-width: 1024px) 100vw, 1024px\" \/>\t\t\t\t\t\t\t\t\t\t\t\t\t<\/div>\n\t\t\t\t<\/div>\n\t\t\t\t\t<\/div>\n\t\t\t\t<\/div>\n\t\t<div class=\"elementor-element elementor-element-dafe767 e-flex e-con-boxed e-con e-parent\" data-id=\"dafe767\" data-element_type=\"container\">\n\t\t\t\t\t<div class=\"e-con-inner\">\n\t\t\t\t<div class=\"elementor-element elementor-element-10a87d3 elementor-widget elementor-widget-image\" data-id=\"10a87d3\" data-element_type=\"widget\" data-widget_type=\"image.default\">\n\t\t\t\t<div class=\"elementor-widget-container\">\n\t\t\t\t\t\t\t\t\t\t\t\t\t<img loading=\"lazy\" decoding=\"async\" width=\"1024\" height=\"682\" src=\"http:\/\/conapdis.gob.ve\/wordpress\/wp-content\/uploads\/2026\/02\/photo_2026-02-23_14-17-18-7-1024x682.jpg\" class=\"attachment-large size-large wp-image-5590\" alt=\"\" srcset=\"http:\/\/conapdis.gob.ve\/wordpress\/wp-content\/uploads\/2026\/02\/photo_2026-02-23_14-17-18-7-1024x682.jpg 1024w, http:\/\/conapdis.gob.ve\/wordpress\/wp-content\/uploads\/2026\/02\/photo_2026-02-23_14-17-18-7-300x200.jpg 300w, http:\/\/conapdis.gob.ve\/wordpress\/wp-content\/uploads\/2026\/02\/photo_2026-02-23_14-17-18-7-768x512.jpg 768w, http:\/\/conapdis.gob.ve\/wordpress\/wp-content\/uploads\/2026\/02\/photo_2026-02-23_14-17-18-7.jpg 1280w\" sizes=\"(max-width: 1024px) 100vw, 1024px\" \/>\t\t\t\t\t\t\t\t\t\t\t\t\t<\/div>\n\t\t\t\t<\/div>\n\t\t\t\t\t<\/div>\n\t\t\t\t<\/div>\n\t\t<div class=\"elementor-element elementor-element-3cee682 e-flex e-con-boxed e-con e-parent\" data-id=\"3cee682\" data-element_type=\"container\">\n\t\t\t\t\t<div class=\"e-con-inner\">\n\t\t\t\t<div class=\"elementor-element elementor-element-ae32370 elementor-widget elementor-widget-image\" data-id=\"ae32370\" data-element_type=\"widget\" data-widget_type=\"image.default\">\n\t\t\t\t<div class=\"elementor-widget-container\">\n\t\t\t\t\t\t\t\t\t\t\t\t\t<img loading=\"lazy\" decoding=\"async\" width=\"1024\" height=\"665\" src=\"http:\/\/conapdis.gob.ve\/wordpress\/wp-content\/uploads\/2026\/02\/photo_2026-02-23_14-31-15-1024x665.jpg\" class=\"attachment-large size-large wp-image-5591\" alt=\"\" srcset=\"http:\/\/conapdis.gob.ve\/wordpress\/wp-content\/uploads\/2026\/02\/photo_2026-02-23_14-31-15-1024x665.jpg 1024w, http:\/\/conapdis.gob.ve\/wordpress\/wp-content\/uploads\/2026\/02\/photo_2026-02-23_14-31-15-300x195.jpg 300w, http:\/\/conapdis.gob.ve\/wordpress\/wp-content\/uploads\/2026\/02\/photo_2026-02-23_14-31-15-768x499.jpg 768w, http:\/\/conapdis.gob.ve\/wordpress\/wp-content\/uploads\/2026\/02\/photo_2026-02-23_14-31-15.jpg 1152w\" sizes=\"(max-width: 1024px) 100vw, 1024px\" \/>\t\t\t\t\t\t\t\t\t\t\t\t\t<\/div>\n\t\t\t\t<\/div>\n\t\t\t\t\t<\/div>\n\t\t\t\t<\/div>\n\t\t<div class=\"elementor-element elementor-element-17b6d56 e-flex e-con-boxed e-con e-parent\" data-id=\"17b6d56\" data-element_type=\"container\">\n\t\t\t\t\t<div class=\"e-con-inner\">\n\t\t\t\t<div class=\"elementor-element elementor-element-848f035 elementor-widget elementor-widget-image\" data-id=\"848f035\" data-element_type=\"widget\" data-widget_type=\"image.default\">\n\t\t\t\t<div class=\"elementor-widget-container\">\n\t\t\t\t\t\t\t\t\t\t\t\t\t<img loading=\"lazy\" decoding=\"async\" width=\"1024\" height=\"694\" src=\"http:\/\/conapdis.gob.ve\/wordpress\/wp-content\/uploads\/2026\/02\/photo_2026-02-23_14-31-16-1024x694.jpg\" class=\"attachment-large size-large wp-image-5593\" alt=\"\" srcset=\"http:\/\/conapdis.gob.ve\/wordpress\/wp-content\/uploads\/2026\/02\/photo_2026-02-23_14-31-16-1024x694.jpg 1024w, http:\/\/conapdis.gob.ve\/wordpress\/wp-content\/uploads\/2026\/02\/photo_2026-02-23_14-31-16-300x203.jpg 300w, http:\/\/conapdis.gob.ve\/wordpress\/wp-content\/uploads\/2026\/02\/photo_2026-02-23_14-31-16-768x521.jpg 768w, http:\/\/conapdis.gob.ve\/wordpress\/wp-content\/uploads\/2026\/02\/photo_2026-02-23_14-31-16.jpg 1152w\" sizes=\"(max-width: 1024px) 100vw, 1024px\" \/>\t\t\t\t\t\t\t\t\t\t\t\t\t<\/div>\n\t\t\t\t<\/div>\n\t\t\t\t\t<\/div>\n\t\t\t\t<\/div>\n\t\t\t\t<\/div>\n\t\t<div class=\"gsp_post_data\" data-post_type=\"post\" data-cat=\"\" data-modified=\"120\" data-title=\"Conapdis y FMJGH articulan con movimientos sociales agenda estrat\u00e9gica 2026 en el marco de las 7T\" data-home=\"http:\/\/conapdis.gob.ve\/wordpress\"><\/div>","protected":false},"excerpt":{"rendered":"<p>En un paso fundamental para la consolidaci\u00f3n del Poder Popular y la construcci\u00f3n de pol\u00edticas p\u00fablicas inclusivas, el Consejo Nacional [&hellip;]<\/p>\n","protected":false},"author":2,"featured_media":5592,"comment_status":"closed","ping_status":"open","sticky":false,"template":"","format":"standard","meta":{"site-sidebar-layout":"default","site-content-layout":"","ast-site-content-layout":"","site-content-style":"default","site-sidebar-style":"default","ast-global-header-display":"","ast-banner-title-visibility":"","ast-main-header-display":"","ast-hfb-above-header-display":"","ast-hfb-below-header-display":"","ast-hfb-mobile-header-display":"","site-post-title":"","ast-breadcrumbs-content":"","ast-featured-img":"","footer-sml-layout":"","theme-transparent-header-meta":"","adv-header-id-meta":"","stick-header-meta":"","header-above-stick-meta":"","header-main-stick-meta":"","header-below-stick-meta":"","astra-migrate-meta-layouts":"default","ast-page-background-enabled":"default","ast-page-background-meta":{"desktop":{"background-color":"var(--ast-global-color-4)","background-image":"","background-repeat":"repeat","background-position":"center center","background-size":"auto","background-attachment":"scroll","background-type":"","background-media":"","overlay-type":"","overlay-color":"","overlay-opacity":"","overlay-gradient":""},"tablet":{"background-color":"","background-image":"","background-repeat":"repeat","background-position":"center center","background-size":"auto","background-attachment":"scroll","background-type":"","background-media":"","overlay-type":"","overlay-color":"","overlay-opacity":"","overlay-gradient":""},"mobile":{"background-color":"","background-image":"","background-repeat":"repeat","background-position":"center center","background-size":"auto","background-attachment":"scroll","background-type":"","background-media":"","overlay-type":"","overlay-color":"","overlay-opacity":"","overlay-gradient":""}},"ast-content-background-meta":{"desktop":{"background-color":"var(--ast-global-color-5)","background-image":"","background-repeat":"repeat","background-position":"center center","background-size":"auto","background-attachment":"scroll","background-type":"","background-media":"","overlay-type":"","overlay-color":"","overlay-opacity":"","overlay-gradient":""},"tablet":{"background-color":"var(--ast-global-color-5)","background-image":"","background-repeat":"repeat","background-position":"center center","background-size":"auto","background-attachment":"scroll","background-type":"","background-media":"","overlay-type":"","overlay-color":"","overlay-opacity":"","overlay-gradient":""},"mobile":{"background-color":"var(--ast-global-color-5)","background-image":"","background-repeat":"repeat","background-position":"center center","background-size":"auto","background-attachment":"scroll","background-type":"","background-media":"","overlay-type":"","overlay-color":"","overlay-opacity":"","overlay-gradient":""}},"footnotes":""},"categories":[],"tags":[],"class_list":["post-5587","post","type-post","status-publish","format-standard","has-post-thumbnail","hentry"],"_links":{"self":[{"href":"http:\/\/conapdis.gob.ve\/wordpress\/wp-json\/wp\/v2\/posts\/5587"}],"collection":[{"href":"http:\/\/conapdis.gob.ve\/wordpress\/wp-json\/wp\/v2\/posts"}],"about":[{"href":"http:\/\/conapdis.gob.ve\/wordpress\/wp-json\/wp\/v2\/types\/post"}],"author":[{"embeddable":true,"href":"http:\/\/conapdis.gob.ve\/wordpress\/wp-json\/wp\/v2\/users\/2"}],"replies":[{"embeddable":true,"href":"http:\/\/conapdis.gob.ve\/wordpress\/wp-json\/wp\/v2\/comments?post=5587"}],"version-history":[{"count":3,"href":"http:\/\/conapdis.gob.ve\/wordpress\/wp-json\/wp\/v2\/posts\/5587\/revisions"}],"predecessor-version":[{"id":5598,"href":"http:\/\/conapdis.gob.ve\/wordpress\/wp-json\/wp\/v2\/posts\/5587\/revisions\/5598"}],"wp:featuredmedia":[{"embeddable":true,"href":"http:\/\/conapdis.gob.ve\/wordpress\/wp-json\/wp\/v2\/media\/5592"}],"wp:attachment":[{"href":"http:\/\/conapdis.gob.ve\/wordpress\/wp-json\/wp\/v2\/media?parent=5587"}],"wp:term":[{"taxonomy":"category","embeddable":true,"href":"http:\/\/conapdis.gob.ve\/wordpress\/wp-json\/wp\/v2\/categories?post=5587"},{"taxonomy":"post_tag","embeddable":true,"href":"http:\/\/conapdis.gob.ve\/wordpress\/wp-json\/wp\/v2\/tags?post=5587"}],"curies":[{"name":"wp","href":"https:\/\/api.w.org\/{rel}","templated":true}]}}