{"id":5575,"date":"2026-02-20T09:47:03","date_gmt":"2026-02-20T13:47:03","guid":{"rendered":"http:\/\/conapdis.gob.ve\/wordpress\/?p=5575"},"modified":"2026-02-23T17:10:05","modified_gmt":"2026-02-23T21:10:05","slug":"conapdis-participo-en-jornada-de-atencion-integral-dirigida-a-trabajadores-del-iamam","status":"publish","type":"post","link":"http:\/\/conapdis.gob.ve\/wordpress\/conapdis-participo-en-jornada-de-atencion-integral-dirigida-a-trabajadores-del-iamam\/","title":{"rendered":"Conapdis Monagas particip\u00f3 en jornada de atenci\u00f3n integral en IAMAM"},"content":{"rendered":"\t\t<div data-elementor-type=\"wp-post\" data-elementor-id=\"5575\" class=\"elementor elementor-5575\" data-elementor-post-type=\"post\">\n\t\t\t\t<div class=\"elementor-element elementor-element-fe4f384 e-flex e-con-boxed e-con e-parent\" data-id=\"fe4f384\" data-element_type=\"container\">\n\t\t\t\t\t<div class=\"e-con-inner\">\n\t\t\t\t<div class=\"elementor-element elementor-element-937e508 elementor-widget elementor-widget-text-editor\" data-id=\"937e508\" data-element_type=\"widget\" data-widget_type=\"text-editor.default\">\n\t\t\t\t<div class=\"elementor-widget-container\">\n\t\t\t<style>\/*! elementor - v3.22.0 - 26-06-2024 *\/\n.elementor-widget-text-editor.elementor-drop-cap-view-stacked .elementor-drop-cap{background-color:#69727d;color:#fff}.elementor-widget-text-editor.elementor-drop-cap-view-framed .elementor-drop-cap{color:#69727d;border:3px solid;background-color:transparent}.elementor-widget-text-editor:not(.elementor-drop-cap-view-default) .elementor-drop-cap{margin-top:8px}.elementor-widget-text-editor:not(.elementor-drop-cap-view-default) .elementor-drop-cap-letter{width:1em;height:1em}.elementor-widget-text-editor .elementor-drop-cap{float:left;text-align:center;line-height:1;font-size:50px}.elementor-widget-text-editor .elementor-drop-cap-letter{display:inline-block}<\/style>\t\t\t\t<p>Monagas &#8211; El Consejo Nacional para las Personas con Discapacidad (Conapdis), en articulaci\u00f3n con la Fundaci\u00f3n Misi\u00f3n Jos\u00e9 Gregorio Hern\u00e1ndez (FMJGH) particip\u00f3 en una jornada de atenci\u00f3n integral dirigida a trabajadores y trabajadoras del Instituto Aut\u00f3nomo Municipal del Ambiente de Matur\u00edn (IAMAM).<\/p>\n<p>La actividad se desarroll\u00f3 en los espacios del Instituto Municipal de la Mujer, ubicado en el sector Brisas del Orinoco, parroquia San Sim\u00f3n del municipio Matur\u00edn, consolidando el trabajo interinstitucional orientado a garantizar derechos y fortalecer la protecci\u00f3n social.<\/p>\n<p>Durante la jornada, el equipo t\u00e9cnico de Conapdis brind\u00f3 atenci\u00f3n especializada en materia del proceso de las 3C \u201ccalificaci\u00f3n, clasificaci\u00f3n y certificaci\u00f3n\u201d de la discapacidad, conforme a lo establecido en la normativa vigente. Atenci\u00f3n prioritaria a personas con discapacidad y adultos mayores, garantizando orientaci\u00f3n y acompa\u00f1amiento oportuno. Asesor\u00eda personalizada en relaci\u00f3n con derechos, deberes y acceso a beneficios sociales.<\/p>\n<p>Asimismo, se realiz\u00f3 el escaneo de protecci\u00f3n social a trav\u00e9s del Sistema Patria, permitiendo actualizar y verificar informaci\u00f3n socioecon\u00f3mica para el acceso a pol\u00edticas p\u00fablicas de protecci\u00f3n.<\/p>\n<p>Este tipo de jornadas forman parte de la estrategia de despliegue territorial de Conapdis, orientada a acercar los servicios institucionales a los trabajadores y trabajadoras de organismos p\u00fablicos, promoviendo la inclusi\u00f3n, la igualdad de oportunidades y la atenci\u00f3n integral.<\/p>\n<p>Con estas acciones, el Consejo Nacional para las Personas con Discapacidad reafirma su compromiso de seguir fortaleciendo la articulaci\u00f3n institucional y la garant\u00eda plena de derechos en todo el territorio nacional.<\/p><p>Foto cortes\u00eda Conapdis\/FMJGH Monagas.&nbsp;<\/p>\t\t\t\t\t\t<\/div>\n\t\t\t\t<\/div>\n\t\t\t\t\t<\/div>\n\t\t\t\t<\/div>\n\t\t<div class=\"elementor-element elementor-element-ece5543 e-flex e-con-boxed e-con e-parent\" data-id=\"ece5543\" data-element_type=\"container\">\n\t\t\t\t\t<div class=\"e-con-inner\">\n\t\t\t\t<div class=\"elementor-element elementor-element-dcf8ce6 elementor-widget elementor-widget-image\" data-id=\"dcf8ce6\" data-element_type=\"widget\" data-widget_type=\"image.default\">\n\t\t\t\t<div class=\"elementor-widget-container\">\n\t\t\t<style>\/*! elementor - v3.22.0 - 26-06-2024 *\/\n.elementor-widget-image{text-align:center}.elementor-widget-image a{display:inline-block}.elementor-widget-image a img[src$=\".svg\"]{width:48px}.elementor-widget-image img{vertical-align:middle;display:inline-block}<\/style>\t\t\t\t\t\t\t\t\t\t<img fetchpriority=\"high\" decoding=\"async\" width=\"874\" height=\"574\" src=\"http:\/\/conapdis.gob.ve\/wordpress\/wp-content\/uploads\/2026\/02\/photo_2026-02-19_17-57-57-4.jpg\" class=\"attachment-large size-large wp-image-5577\" alt=\"\" srcset=\"http:\/\/conapdis.gob.ve\/wordpress\/wp-content\/uploads\/2026\/02\/photo_2026-02-19_17-57-57-4.jpg 874w, http:\/\/conapdis.gob.ve\/wordpress\/wp-content\/uploads\/2026\/02\/photo_2026-02-19_17-57-57-4-300x197.jpg 300w, http:\/\/conapdis.gob.ve\/wordpress\/wp-content\/uploads\/2026\/02\/photo_2026-02-19_17-57-57-4-768x504.jpg 768w\" sizes=\"(max-width: 874px) 100vw, 874px\" \/>\t\t\t\t\t\t\t\t\t\t\t\t\t<\/div>\n\t\t\t\t<\/div>\n\t\t\t\t\t<\/div>\n\t\t\t\t<\/div>\n\t\t<div class=\"elementor-element elementor-element-ee40df7 e-flex e-con-boxed e-con e-parent\" data-id=\"ee40df7\" data-element_type=\"container\">\n\t\t\t\t\t<div class=\"e-con-inner\">\n\t\t\t\t<div class=\"elementor-element elementor-element-4d28939 elementor-widget elementor-widget-image\" data-id=\"4d28939\" data-element_type=\"widget\" data-widget_type=\"image.default\">\n\t\t\t\t<div class=\"elementor-widget-container\">\n\t\t\t\t\t\t\t\t\t\t\t\t\t<img decoding=\"async\" width=\"811\" height=\"549\" src=\"http:\/\/conapdis.gob.ve\/wordpress\/wp-content\/uploads\/2026\/02\/photo_2026-02-19_17-57-57-2.jpg\" class=\"attachment-large size-large wp-image-5578\" alt=\"\" srcset=\"http:\/\/conapdis.gob.ve\/wordpress\/wp-content\/uploads\/2026\/02\/photo_2026-02-19_17-57-57-2.jpg 811w, http:\/\/conapdis.gob.ve\/wordpress\/wp-content\/uploads\/2026\/02\/photo_2026-02-19_17-57-57-2-300x203.jpg 300w, http:\/\/conapdis.gob.ve\/wordpress\/wp-content\/uploads\/2026\/02\/photo_2026-02-19_17-57-57-2-768x520.jpg 768w\" sizes=\"(max-width: 811px) 100vw, 811px\" \/>\t\t\t\t\t\t\t\t\t\t\t\t\t<\/div>\n\t\t\t\t<\/div>\n\t\t\t\t\t<\/div>\n\t\t\t\t<\/div>\n\t\t<div class=\"elementor-element elementor-element-2129c78 e-flex e-con-boxed e-con e-parent\" data-id=\"2129c78\" data-element_type=\"container\">\n\t\t\t\t\t<div class=\"e-con-inner\">\n\t\t\t\t<div class=\"elementor-element elementor-element-8d97849 elementor-widget elementor-widget-image\" data-id=\"8d97849\" data-element_type=\"widget\" data-widget_type=\"image.default\">\n\t\t\t\t<div class=\"elementor-widget-container\">\n\t\t\t\t\t\t\t\t\t\t\t\t\t<img decoding=\"async\" width=\"803\" height=\"543\" src=\"http:\/\/conapdis.gob.ve\/wordpress\/wp-content\/uploads\/2026\/02\/photo_2026-02-19_17-57-57-3.jpg\" class=\"attachment-large size-large wp-image-5579\" alt=\"\" srcset=\"http:\/\/conapdis.gob.ve\/wordpress\/wp-content\/uploads\/2026\/02\/photo_2026-02-19_17-57-57-3.jpg 803w, http:\/\/conapdis.gob.ve\/wordpress\/wp-content\/uploads\/2026\/02\/photo_2026-02-19_17-57-57-3-300x203.jpg 300w, http:\/\/conapdis.gob.ve\/wordpress\/wp-content\/uploads\/2026\/02\/photo_2026-02-19_17-57-57-3-768x519.jpg 768w\" sizes=\"(max-width: 803px) 100vw, 803px\" \/>\t\t\t\t\t\t\t\t\t\t\t\t\t<\/div>\n\t\t\t\t<\/div>\n\t\t\t\t\t<\/div>\n\t\t\t\t<\/div>\n\t\t\t\t<\/div>\n\t\t<div class=\"gsp_post_data\" data-post_type=\"post\" data-cat=\"\" data-modified=\"120\" data-title=\"Conapdis Monagas particip\u00f3 en jornada de atenci\u00f3n integral en IAMAM\" data-home=\"http:\/\/conapdis.gob.ve\/wordpress\"><\/div>","protected":false},"excerpt":{"rendered":"<p>Monagas &#8211; El Consejo Nacional para las Personas con Discapacidad (Conapdis), en articulaci\u00f3n con la Fundaci\u00f3n Misi\u00f3n Jos\u00e9 Gregorio Hern\u00e1ndez [&hellip;]<\/p>\n","protected":false},"author":2,"featured_media":5580,"comment_status":"closed","ping_status":"open","sticky":false,"template":"","format":"standard","meta":{"site-sidebar-layout":"default","site-content-layout":"","ast-site-content-layout":"","site-content-style":"default","site-sidebar-style":"default","ast-global-header-display":"","ast-banner-title-visibility":"","ast-main-header-display":"","ast-hfb-above-header-display":"","ast-hfb-below-header-display":"","ast-hfb-mobile-header-display":"","site-post-title":"","ast-breadcrumbs-content":"","ast-featured-img":"","footer-sml-layout":"","theme-transparent-header-meta":"","adv-header-id-meta":"","stick-header-meta":"","header-above-stick-meta":"","header-main-stick-meta":"","header-below-stick-meta":"","astra-migrate-meta-layouts":"default","ast-page-background-enabled":"default","ast-page-background-meta":{"desktop":{"background-color":"var(--ast-global-color-4)","background-image":"","background-repeat":"repeat","background-position":"center center","background-size":"auto","background-attachment":"scroll","background-type":"","background-media":"","overlay-type":"","overlay-color":"","overlay-opacity":"","overlay-gradient":""},"tablet":{"background-color":"","background-image":"","background-repeat":"repeat","background-position":"center center","background-size":"auto","background-attachment":"scroll","background-type":"","background-media":"","overlay-type":"","overlay-color":"","overlay-opacity":"","overlay-gradient":""},"mobile":{"background-color":"","background-image":"","background-repeat":"repeat","background-position":"center center","background-size":"auto","background-attachment":"scroll","background-type":"","background-media":"","overlay-type":"","overlay-color":"","overlay-opacity":"","overlay-gradient":""}},"ast-content-background-meta":{"desktop":{"background-color":"var(--ast-global-color-5)","background-image":"","background-repeat":"repeat","background-position":"center center","background-size":"auto","background-attachment":"scroll","background-type":"","background-media":"","overlay-type":"","overlay-color":"","overlay-opacity":"","overlay-gradient":""},"tablet":{"background-color":"var(--ast-global-color-5)","background-image":"","background-repeat":"repeat","background-position":"center center","background-size":"auto","background-attachment":"scroll","background-type":"","background-media":"","overlay-type":"","overlay-color":"","overlay-opacity":"","overlay-gradient":""},"mobile":{"background-color":"var(--ast-global-color-5)","background-image":"","background-repeat":"repeat","background-position":"center center","background-size":"auto","background-attachment":"scroll","background-type":"","background-media":"","overlay-type":"","overlay-color":"","overlay-opacity":"","overlay-gradient":""}},"footnotes":""},"categories":[],"tags":[],"class_list":["post-5575","post","type-post","status-publish","format-standard","has-post-thumbnail","hentry"],"_links":{"self":[{"href":"http:\/\/conapdis.gob.ve\/wordpress\/wp-json\/wp\/v2\/posts\/5575"}],"collection":[{"href":"http:\/\/conapdis.gob.ve\/wordpress\/wp-json\/wp\/v2\/posts"}],"about":[{"href":"http:\/\/conapdis.gob.ve\/wordpress\/wp-json\/wp\/v2\/types\/post"}],"author":[{"embeddable":true,"href":"http:\/\/conapdis.gob.ve\/wordpress\/wp-json\/wp\/v2\/users\/2"}],"replies":[{"embeddable":true,"href":"http:\/\/conapdis.gob.ve\/wordpress\/wp-json\/wp\/v2\/comments?post=5575"}],"version-history":[{"count":7,"href":"http:\/\/conapdis.gob.ve\/wordpress\/wp-json\/wp\/v2\/posts\/5575\/revisions"}],"predecessor-version":[{"id":5586,"href":"http:\/\/conapdis.gob.ve\/wordpress\/wp-json\/wp\/v2\/posts\/5575\/revisions\/5586"}],"wp:featuredmedia":[{"embeddable":true,"href":"http:\/\/conapdis.gob.ve\/wordpress\/wp-json\/wp\/v2\/media\/5580"}],"wp:attachment":[{"href":"http:\/\/conapdis.gob.ve\/wordpress\/wp-json\/wp\/v2\/media?parent=5575"}],"wp:term":[{"taxonomy":"category","embeddable":true,"href":"http:\/\/conapdis.gob.ve\/wordpress\/wp-json\/wp\/v2\/categories?post=5575"},{"taxonomy":"post_tag","embeddable":true,"href":"http:\/\/conapdis.gob.ve\/wordpress\/wp-json\/wp\/v2\/tags?post=5575"}],"curies":[{"name":"wp","href":"https:\/\/api.w.org\/{rel}","templated":true}]}}