{"id":5308,"date":"2025-12-04T12:52:02","date_gmt":"2025-12-04T16:52:02","guid":{"rendered":"http:\/\/conapdis.gob.ve\/wordpress\/?p=5308"},"modified":"2025-12-09T16:03:04","modified_gmt":"2025-12-09T20:03:04","slug":"conapdis-y-la-fundacion-mision-jose-gregorio-hernandez-fortalecen-acciones-inclusivas-con-una-jornada-llena-de-inclusion","status":"publish","type":"post","link":"http:\/\/conapdis.gob.ve\/wordpress\/conapdis-y-la-fundacion-mision-jose-gregorio-hernandez-fortalecen-acciones-inclusivas-con-una-jornada-llena-de-inclusion\/","title":{"rendered":"CONAPDIS Y LA FUNDACI\u00d3N MISI\u00d3N JOS\u00c9 GREGORIO HERN\u00c1NDEZ FORTALECEN ACCIONES INCLUSIVAS CON UNA JORNADA LLENA DE AMOR"},"content":{"rendered":"\t\t<div data-elementor-type=\"wp-post\" data-elementor-id=\"5308\" class=\"elementor elementor-5308\" data-elementor-post-type=\"post\">\n\t\t\t\t<div class=\"elementor-element elementor-element-5f8919e e-flex e-con-boxed e-con e-parent\" data-id=\"5f8919e\" data-element_type=\"container\">\n\t\t\t\t\t<div class=\"e-con-inner\">\n\t\t\t\t<div class=\"elementor-element elementor-element-1340855 elementor-widget elementor-widget-text-editor\" data-id=\"1340855\" data-element_type=\"widget\" data-widget_type=\"text-editor.default\">\n\t\t\t\t<div class=\"elementor-widget-container\">\n\t\t\t<style>\/*! elementor - v3.22.0 - 26-06-2024 *\/\n.elementor-widget-text-editor.elementor-drop-cap-view-stacked .elementor-drop-cap{background-color:#69727d;color:#fff}.elementor-widget-text-editor.elementor-drop-cap-view-framed .elementor-drop-cap{color:#69727d;border:3px solid;background-color:transparent}.elementor-widget-text-editor:not(.elementor-drop-cap-view-default) .elementor-drop-cap{margin-top:8px}.elementor-widget-text-editor:not(.elementor-drop-cap-view-default) .elementor-drop-cap-letter{width:1em;height:1em}.elementor-widget-text-editor .elementor-drop-cap{float:left;text-align:center;line-height:1;font-size:50px}.elementor-widget-text-editor .elementor-drop-cap-letter{display:inline-block}<\/style>\t\t\t\t<p>En el marco de la conmemoraci\u00f3n del D\u00eda Internacional de las Personas con Discapacidad, este 3 de diciembre se desarroll\u00f3 en el Parque Al\u00ed Primera (Parque del Oeste), Caracas, el \u201cTour Potencialidades sin L\u00edmites\u201d, una jornada integral de atenci\u00f3n social, m\u00e9dica, cultural, deportiva y recreativa orientada a garantizar derechos y promover la inclusi\u00f3n plena de las personas con discapacidad y sus familias.<\/p>\n<p>La actividad estuvo liderada por Soraida Ram\u00edrez Osorio, presidenta del Consejo Nacional para las Personas con Discapacidad (CONAPDIS), de la Fundaci\u00f3n Misi\u00f3n Jos\u00e9 Gregorio Hern\u00e1ndez (FMJGH) y presidenta (E) del Instituto Aut\u00f3nomo Consejo Nacional de Derechos de Ni\u00f1os, Ni\u00f1as y Adolescentes (IDENNA), encabez\u00f3 el despliegue institucional junto a diversas autoridades del Estado venezolano, \u00abesta jornada integral ratifica el compromiso del Gobierno Bolivariano con la igualdad de oportunidades, la no discriminaci\u00f3n y la garant\u00eda plena de los derechos de las personas con discapacidad en todo el pa\u00eds.\u00bb<\/p>\n<p>Como parte de las pol\u00edticas p\u00fablicas de protecci\u00f3n social, la jornada ofreci\u00f3 una robusta gama de servicios m\u00e9dicos y asistenciales, entre ellos medicina general, medicina interna, ecograf\u00edas, procesos de clasificaci\u00f3n y calificaci\u00f3n y entrega del certificado de la discapacidad, orientaci\u00f3n integral a la mujer y atenci\u00f3n veterinaria integral. Paralelamente, se activaron espacios recreativos con grupos culturales, pintas caritas, globo magia, colchones inflables, bailoterapia y exhibiciones de deporte adaptado.<\/p>\n<p style=\"text-align: justify;\">La jornada inici\u00f3 con la tradicional manifestaci\u00f3n folkl\u00f3rica <strong data-start=\"2180\" data-end=\"2199\"><span style=\"font-weight: normal;\">\u201cLa Burriquita\u201d<\/span><\/strong><b>,<\/b> acompa\u00f1ada por la agrupaci\u00f3n <strong data-start=\"2230\" data-end=\"2250\"><span style=\"font-weight: normal;\">Ensalada Musical<\/span><\/strong>, seguida de una exhibici\u00f3n de artes marciales y una emotiva presentaci\u00f3n coral protagonizada por <strong data-start=\"2348\" data-end=\"2389\"><span style=\"font-weight: normal;\">ni\u00f1os y ni\u00f1as con talentos especiales<\/span><\/strong>, resaltando la diversidad y capacidad creativa de la comunidad. Durante la actividad, tambi\u00e9n se realiz\u00f3 la entrega de dispositivos de \u00f3rtesis y pr\u00f3tesis a personas con discapacidad, elaborados por el laboratorio de la Fundaci\u00f3n Misi\u00f3n Jos\u00e9 Gregorio Hern\u00e1ndez. Asimismo, se otorg\u00f3 el certificado ABI a diversas entidades de trabajo por su cumplimiento en materia de Accesibilidad, Buen Trato e Inserci\u00f3n Laboral, junto a la entrega de certificados del Diplomado en Neurodiversidad a servidores p\u00fablicos.<\/p>\n<p>Entre las autoridades presentes se encontraba el Defensor del Pueblo Alfredo Ruiz, la presidenta de la Fundaci\u00f3n Nacional El Ni\u00f1o Sim\u00f3n Mar\u00eda del Valle Carneiro de Garc\u00eda, Jennifer Salar directora general de Educaci\u00f3n Especial del Ministerio del Poder Popular para la Educaci\u00f3n, An\u00edbal Rene&nbsp;Coltat diputado de la Asamblea Nacional (AN) y Naoreth P\u00e9rez directora de la oficina de atenci\u00f3n a las personas con discapacidad del Distrito Capital.<\/p>\n<p>Como parte del despliegue institucional, participaron organismos aliados como el Instituto Nacional de Nutrici\u00f3n (INN), la Defensor\u00eda del Pueblo. el IDENNA, el INASS, la Fundaci\u00f3n Nacional El Ni\u00f1o Sim\u00f3n, La Fundaci\u00f3n Generaci\u00f3n Neurodiversa del Distrito Capital (FUNGENE GDC), la Direcci\u00f3n General de Educaci\u00f3n Especial del Ministerio del Poder Popular para la Educaci\u00f3n, as\u00ed como organizaciones dedicadas al acompa\u00f1amiento de la neurodiversidad y la discapacidad. Tambi\u00e9n se habilit\u00f3 un Punto de Bienestar y Cuidado con cl\u00ednicas m\u00f3viles la Gran Misi\u00f3n Venezuela Mujer. La Misi\u00f3n Nevado form\u00f3 parte de la actividad al ofrecer servicios de desparasitaci\u00f3n y atenci\u00f3n veterinaria b\u00e1sica para las mascotas de las familias asistentes.<\/p>\n<p>En el \u00e1mbito art\u00edstico, el evento cont\u00f3 con la presentaci\u00f3n de la parrandita de la Fundaci\u00f3n Nacional El Ni\u00f1o Sim\u00f3n. que brind\u00f3 una intervenci\u00f3n musical llena de identidad y tradici\u00f3n. Por su parte, el componente deportivo incluy\u00f3 exhibici\u00f3n de F\u00fatbol Sala Adaptado (Blindfutsal)<strong>,<\/strong> adem\u00e1s de la instalaci\u00f3n de stands informativos para la comunidad.<\/p>\n<p>Con actividades como el \u201cTour Potencialidades sin L\u00edmites\u201d, se reafirma el compromiso de avanzar hacia una sociedad m\u00e1s humana. Desde el CONAPDIS y la FMJGH junto a las organizaciones aliadas, se continuar\u00e1 impulsando acciones que garanticen la atenci\u00f3n integral, la participaci\u00f3n activa y el bienestar de todas las personas con discapacidad en Venezuela.<\/p>\t\t\t\t\t\t<\/div>\n\t\t\t\t<\/div>\n\t\t\t\t\t<\/div>\n\t\t\t\t<\/div>\n\t\t<div class=\"elementor-element elementor-element-1300433 e-flex e-con-boxed e-con e-parent\" data-id=\"1300433\" data-element_type=\"container\">\n\t\t\t\t\t<div class=\"e-con-inner\">\n\t\t\t\t<div class=\"elementor-element elementor-element-09f533f elementor-widget elementor-widget-image\" data-id=\"09f533f\" data-element_type=\"widget\" data-widget_type=\"image.default\">\n\t\t\t\t<div class=\"elementor-widget-container\">\n\t\t\t<style>\/*! elementor - v3.22.0 - 26-06-2024 *\/\n.elementor-widget-image{text-align:center}.elementor-widget-image a{display:inline-block}.elementor-widget-image a img[src$=\".svg\"]{width:48px}.elementor-widget-image img{vertical-align:middle;display:inline-block}<\/style>\t\t\t\t\t\t\t\t\t\t<img fetchpriority=\"high\" decoding=\"async\" width=\"720\" height=\"480\" src=\"http:\/\/conapdis.gob.ve\/wordpress\/wp-content\/uploads\/2025\/12\/photo_2025-12-04_12-43-30-3.jpg\" class=\"attachment-large size-large wp-image-5313\" alt=\"\" srcset=\"http:\/\/conapdis.gob.ve\/wordpress\/wp-content\/uploads\/2025\/12\/photo_2025-12-04_12-43-30-3.jpg 720w, http:\/\/conapdis.gob.ve\/wordpress\/wp-content\/uploads\/2025\/12\/photo_2025-12-04_12-43-30-3-300x200.jpg 300w\" sizes=\"(max-width: 720px) 100vw, 720px\" \/>\t\t\t\t\t\t\t\t\t\t\t\t\t<\/div>\n\t\t\t\t<\/div>\n\t\t\t\t\t<\/div>\n\t\t\t\t<\/div>\n\t\t<div class=\"elementor-element elementor-element-ce458fa e-flex e-con-boxed e-con e-parent\" data-id=\"ce458fa\" data-element_type=\"container\">\n\t\t\t\t\t<div class=\"e-con-inner\">\n\t\t\t\t<div class=\"elementor-element elementor-element-5b70d13 elementor-widget elementor-widget-image\" data-id=\"5b70d13\" data-element_type=\"widget\" data-widget_type=\"image.default\">\n\t\t\t\t<div class=\"elementor-widget-container\">\n\t\t\t\t\t\t\t\t\t\t\t\t\t<img decoding=\"async\" width=\"720\" height=\"480\" src=\"http:\/\/conapdis.gob.ve\/wordpress\/wp-content\/uploads\/2025\/12\/photo_2025-12-04_12-43-30.jpg\" class=\"attachment-large size-large wp-image-5314\" alt=\"\" srcset=\"http:\/\/conapdis.gob.ve\/wordpress\/wp-content\/uploads\/2025\/12\/photo_2025-12-04_12-43-30.jpg 720w, http:\/\/conapdis.gob.ve\/wordpress\/wp-content\/uploads\/2025\/12\/photo_2025-12-04_12-43-30-300x200.jpg 300w\" sizes=\"(max-width: 720px) 100vw, 720px\" \/>\t\t\t\t\t\t\t\t\t\t\t\t\t<\/div>\n\t\t\t\t<\/div>\n\t\t\t\t\t<\/div>\n\t\t\t\t<\/div>\n\t\t<div class=\"elementor-element elementor-element-53df758 e-flex e-con-boxed e-con e-parent\" data-id=\"53df758\" data-element_type=\"container\">\n\t\t\t\t\t<div class=\"e-con-inner\">\n\t\t\t\t<div class=\"elementor-element elementor-element-4d691c8 elementor-widget elementor-widget-image\" data-id=\"4d691c8\" data-element_type=\"widget\" data-widget_type=\"image.default\">\n\t\t\t\t<div class=\"elementor-widget-container\">\n\t\t\t\t\t\t\t\t\t\t\t\t\t<img decoding=\"async\" width=\"720\" height=\"480\" src=\"http:\/\/conapdis.gob.ve\/wordpress\/wp-content\/uploads\/2025\/12\/photo_2025-12-04_12-43-33-2.jpg\" class=\"attachment-large size-large wp-image-5315\" alt=\"\" srcset=\"http:\/\/conapdis.gob.ve\/wordpress\/wp-content\/uploads\/2025\/12\/photo_2025-12-04_12-43-33-2.jpg 720w, http:\/\/conapdis.gob.ve\/wordpress\/wp-content\/uploads\/2025\/12\/photo_2025-12-04_12-43-33-2-300x200.jpg 300w\" sizes=\"(max-width: 720px) 100vw, 720px\" \/>\t\t\t\t\t\t\t\t\t\t\t\t\t<\/div>\n\t\t\t\t<\/div>\n\t\t\t\t\t<\/div>\n\t\t\t\t<\/div>\n\t\t<div class=\"elementor-element elementor-element-c1c30bb e-flex e-con-boxed e-con e-parent\" data-id=\"c1c30bb\" data-element_type=\"container\">\n\t\t\t\t\t<div class=\"e-con-inner\">\n\t\t\t\t<div class=\"elementor-element elementor-element-5eb035a elementor-widget elementor-widget-image\" data-id=\"5eb035a\" data-element_type=\"widget\" data-widget_type=\"image.default\">\n\t\t\t\t<div class=\"elementor-widget-container\">\n\t\t\t\t\t\t\t\t\t\t\t\t\t<img loading=\"lazy\" decoding=\"async\" width=\"720\" height=\"480\" src=\"http:\/\/conapdis.gob.ve\/wordpress\/wp-content\/uploads\/2025\/12\/photo_2025-12-04_12-43-31-3.jpg\" class=\"attachment-large size-large wp-image-5316\" alt=\"\" srcset=\"http:\/\/conapdis.gob.ve\/wordpress\/wp-content\/uploads\/2025\/12\/photo_2025-12-04_12-43-31-3.jpg 720w, http:\/\/conapdis.gob.ve\/wordpress\/wp-content\/uploads\/2025\/12\/photo_2025-12-04_12-43-31-3-300x200.jpg 300w\" sizes=\"(max-width: 720px) 100vw, 720px\" \/>\t\t\t\t\t\t\t\t\t\t\t\t\t<\/div>\n\t\t\t\t<\/div>\n\t\t\t\t\t<\/div>\n\t\t\t\t<\/div>\n\t\t<div class=\"elementor-element elementor-element-ea15629 e-flex e-con-boxed e-con e-parent\" data-id=\"ea15629\" data-element_type=\"container\">\n\t\t\t\t\t<div class=\"e-con-inner\">\n\t\t\t\t<div class=\"elementor-element elementor-element-a28d47d elementor-widget elementor-widget-image\" data-id=\"a28d47d\" data-element_type=\"widget\" data-widget_type=\"image.default\">\n\t\t\t\t<div class=\"elementor-widget-container\">\n\t\t\t\t\t\t\t\t\t\t\t\t\t<img loading=\"lazy\" decoding=\"async\" width=\"720\" height=\"480\" src=\"http:\/\/conapdis.gob.ve\/wordpress\/wp-content\/uploads\/2025\/12\/photo_2025-12-04_12-43-43-4.jpg\" class=\"attachment-large size-large wp-image-5317\" alt=\"\" srcset=\"http:\/\/conapdis.gob.ve\/wordpress\/wp-content\/uploads\/2025\/12\/photo_2025-12-04_12-43-43-4.jpg 720w, http:\/\/conapdis.gob.ve\/wordpress\/wp-content\/uploads\/2025\/12\/photo_2025-12-04_12-43-43-4-300x200.jpg 300w\" sizes=\"(max-width: 720px) 100vw, 720px\" \/>\t\t\t\t\t\t\t\t\t\t\t\t\t<\/div>\n\t\t\t\t<\/div>\n\t\t\t\t\t<\/div>\n\t\t\t\t<\/div>\n\t\t<div class=\"elementor-element elementor-element-7ea2006 e-flex e-con-boxed e-con e-parent\" data-id=\"7ea2006\" data-element_type=\"container\">\n\t\t\t\t\t<div class=\"e-con-inner\">\n\t\t\t\t<div class=\"elementor-element elementor-element-d598d81 elementor-widget elementor-widget-image\" data-id=\"d598d81\" data-element_type=\"widget\" data-widget_type=\"image.default\">\n\t\t\t\t<div class=\"elementor-widget-container\">\n\t\t\t\t\t\t\t\t\t\t\t\t\t<img loading=\"lazy\" decoding=\"async\" width=\"720\" height=\"480\" src=\"http:\/\/conapdis.gob.ve\/wordpress\/wp-content\/uploads\/2025\/12\/photo_2025-12-04_12-43-43-11.jpg\" class=\"attachment-large size-large wp-image-5318\" alt=\"\" srcset=\"http:\/\/conapdis.gob.ve\/wordpress\/wp-content\/uploads\/2025\/12\/photo_2025-12-04_12-43-43-11.jpg 720w, http:\/\/conapdis.gob.ve\/wordpress\/wp-content\/uploads\/2025\/12\/photo_2025-12-04_12-43-43-11-300x200.jpg 300w\" sizes=\"(max-width: 720px) 100vw, 720px\" \/>\t\t\t\t\t\t\t\t\t\t\t\t\t<\/div>\n\t\t\t\t<\/div>\n\t\t\t\t\t<\/div>\n\t\t\t\t<\/div>\n\t\t<div class=\"elementor-element elementor-element-533953f e-flex e-con-boxed e-con e-parent\" data-id=\"533953f\" data-element_type=\"container\">\n\t\t\t\t\t<div class=\"e-con-inner\">\n\t\t\t\t<div class=\"elementor-element elementor-element-c694648 elementor-widget elementor-widget-image\" data-id=\"c694648\" data-element_type=\"widget\" data-widget_type=\"image.default\">\n\t\t\t\t<div class=\"elementor-widget-container\">\n\t\t\t\t\t\t\t\t\t\t\t\t\t<img loading=\"lazy\" decoding=\"async\" width=\"720\" height=\"480\" src=\"http:\/\/conapdis.gob.ve\/wordpress\/wp-content\/uploads\/2025\/12\/photo_2025-12-04_12-43-43-7.jpg\" class=\"attachment-large size-large wp-image-5319\" alt=\"\" srcset=\"http:\/\/conapdis.gob.ve\/wordpress\/wp-content\/uploads\/2025\/12\/photo_2025-12-04_12-43-43-7.jpg 720w, http:\/\/conapdis.gob.ve\/wordpress\/wp-content\/uploads\/2025\/12\/photo_2025-12-04_12-43-43-7-300x200.jpg 300w\" sizes=\"(max-width: 720px) 100vw, 720px\" \/>\t\t\t\t\t\t\t\t\t\t\t\t\t<\/div>\n\t\t\t\t<\/div>\n\t\t\t\t\t<\/div>\n\t\t\t\t<\/div>\n\t\t<div class=\"elementor-element elementor-element-24551c7 e-flex e-con-boxed e-con e-parent\" data-id=\"24551c7\" data-element_type=\"container\">\n\t\t\t\t\t<div class=\"e-con-inner\">\n\t\t\t\t<div class=\"elementor-element elementor-element-ad9af7e elementor-widget elementor-widget-image\" data-id=\"ad9af7e\" data-element_type=\"widget\" data-widget_type=\"image.default\">\n\t\t\t\t<div class=\"elementor-widget-container\">\n\t\t\t\t\t\t\t\t\t\t\t\t\t<img loading=\"lazy\" decoding=\"async\" width=\"720\" height=\"480\" src=\"http:\/\/conapdis.gob.ve\/wordpress\/wp-content\/uploads\/2025\/12\/photo_2025-12-04_12-43-33-5.jpg\" class=\"attachment-large size-large wp-image-5320\" alt=\"\" srcset=\"http:\/\/conapdis.gob.ve\/wordpress\/wp-content\/uploads\/2025\/12\/photo_2025-12-04_12-43-33-5.jpg 720w, http:\/\/conapdis.gob.ve\/wordpress\/wp-content\/uploads\/2025\/12\/photo_2025-12-04_12-43-33-5-300x200.jpg 300w\" sizes=\"(max-width: 720px) 100vw, 720px\" \/>\t\t\t\t\t\t\t\t\t\t\t\t\t<\/div>\n\t\t\t\t<\/div>\n\t\t\t\t\t<\/div>\n\t\t\t\t<\/div>\n\t\t<div class=\"elementor-element elementor-element-4a9b1b8 e-flex e-con-boxed e-con e-parent\" data-id=\"4a9b1b8\" data-element_type=\"container\">\n\t\t\t\t\t<div class=\"e-con-inner\">\n\t\t\t\t<div class=\"elementor-element elementor-element-c3a7de4 elementor-widget elementor-widget-image\" data-id=\"c3a7de4\" data-element_type=\"widget\" data-widget_type=\"image.default\">\n\t\t\t\t<div class=\"elementor-widget-container\">\n\t\t\t\t\t\t\t\t\t\t\t\t\t<img loading=\"lazy\" decoding=\"async\" width=\"720\" height=\"480\" src=\"http:\/\/conapdis.gob.ve\/wordpress\/wp-content\/uploads\/2025\/12\/photo_2025-12-04_12-43-33.jpg\" class=\"attachment-large size-large wp-image-5321\" alt=\"\" srcset=\"http:\/\/conapdis.gob.ve\/wordpress\/wp-content\/uploads\/2025\/12\/photo_2025-12-04_12-43-33.jpg 720w, http:\/\/conapdis.gob.ve\/wordpress\/wp-content\/uploads\/2025\/12\/photo_2025-12-04_12-43-33-300x200.jpg 300w\" sizes=\"(max-width: 720px) 100vw, 720px\" \/>\t\t\t\t\t\t\t\t\t\t\t\t\t<\/div>\n\t\t\t\t<\/div>\n\t\t\t\t\t<\/div>\n\t\t\t\t<\/div>\n\t\t<div class=\"elementor-element elementor-element-471e579 e-flex e-con-boxed e-con e-parent\" data-id=\"471e579\" data-element_type=\"container\">\n\t\t\t\t\t<div class=\"e-con-inner\">\n\t\t\t\t<div class=\"elementor-element elementor-element-94ce702 elementor-widget elementor-widget-image\" data-id=\"94ce702\" data-element_type=\"widget\" data-widget_type=\"image.default\">\n\t\t\t\t<div class=\"elementor-widget-container\">\n\t\t\t\t\t\t\t\t\t\t\t\t\t<img loading=\"lazy\" decoding=\"async\" width=\"720\" height=\"480\" src=\"http:\/\/conapdis.gob.ve\/wordpress\/wp-content\/uploads\/2025\/12\/photo_2025-12-04_12-43-31-5.jpg\" class=\"attachment-large size-large wp-image-5322\" alt=\"\" srcset=\"http:\/\/conapdis.gob.ve\/wordpress\/wp-content\/uploads\/2025\/12\/photo_2025-12-04_12-43-31-5.jpg 720w, http:\/\/conapdis.gob.ve\/wordpress\/wp-content\/uploads\/2025\/12\/photo_2025-12-04_12-43-31-5-300x200.jpg 300w\" sizes=\"(max-width: 720px) 100vw, 720px\" \/>\t\t\t\t\t\t\t\t\t\t\t\t\t<\/div>\n\t\t\t\t<\/div>\n\t\t\t\t\t<\/div>\n\t\t\t\t<\/div>\n\t\t\t\t<\/div>\n\t\t<div class=\"gsp_post_data\" data-post_type=\"post\" data-cat=\"\" data-modified=\"120\" data-title=\"CONAPDIS Y LA FUNDACI\u00d3N MISI\u00d3N JOS\u00c9 GREGORIO HERN\u00c1NDEZ FORTALECEN ACCIONES INCLUSIVAS CON UNA JORNADA LLENA DE AMOR\" data-home=\"http:\/\/conapdis.gob.ve\/wordpress\"><\/div>","protected":false},"excerpt":{"rendered":"<p>En el marco de la conmemoraci\u00f3n del D\u00eda Internacional de las Personas con Discapacidad, este 3 de diciembre se desarroll\u00f3 [&hellip;]<\/p>\n","protected":false},"author":2,"featured_media":5323,"comment_status":"closed","ping_status":"open","sticky":false,"template":"","format":"standard","meta":{"site-sidebar-layout":"default","site-content-layout":"","ast-site-content-layout":"","site-content-style":"default","site-sidebar-style":"default","ast-global-header-display":"","ast-banner-title-visibility":"","ast-main-header-display":"","ast-hfb-above-header-display":"","ast-hfb-below-header-display":"","ast-hfb-mobile-header-display":"","site-post-title":"","ast-breadcrumbs-content":"","ast-featured-img":"","footer-sml-layout":"","theme-transparent-header-meta":"","adv-header-id-meta":"","stick-header-meta":"","header-above-stick-meta":"","header-main-stick-meta":"","header-below-stick-meta":"","astra-migrate-meta-layouts":"default","ast-page-background-enabled":"default","ast-page-background-meta":{"desktop":{"background-color":"var(--ast-global-color-4)","background-image":"","background-repeat":"repeat","background-position":"center center","background-size":"auto","background-attachment":"scroll","background-type":"","background-media":"","overlay-type":"","overlay-color":"","overlay-opacity":"","overlay-gradient":""},"tablet":{"background-color":"","background-image":"","background-repeat":"repeat","background-position":"center center","background-size":"auto","background-attachment":"scroll","background-type":"","background-media":"","overlay-type":"","overlay-color":"","overlay-opacity":"","overlay-gradient":""},"mobile":{"background-color":"","background-image":"","background-repeat":"repeat","background-position":"center center","background-size":"auto","background-attachment":"scroll","background-type":"","background-media":"","overlay-type":"","overlay-color":"","overlay-opacity":"","overlay-gradient":""}},"ast-content-background-meta":{"desktop":{"background-color":"var(--ast-global-color-5)","background-image":"","background-repeat":"repeat","background-position":"center center","background-size":"auto","background-attachment":"scroll","background-type":"","background-media":"","overlay-type":"","overlay-color":"","overlay-opacity":"","overlay-gradient":""},"tablet":{"background-color":"var(--ast-global-color-5)","background-image":"","background-repeat":"repeat","background-position":"center center","background-size":"auto","background-attachment":"scroll","background-type":"","background-media":"","overlay-type":"","overlay-color":"","overlay-opacity":"","overlay-gradient":""},"mobile":{"background-color":"var(--ast-global-color-5)","background-image":"","background-repeat":"repeat","background-position":"center center","background-size":"auto","background-attachment":"scroll","background-type":"","background-media":"","overlay-type":"","overlay-color":"","overlay-opacity":"","overlay-gradient":""}},"footnotes":""},"categories":[],"tags":[],"class_list":["post-5308","post","type-post","status-publish","format-standard","has-post-thumbnail","hentry"],"_links":{"self":[{"href":"http:\/\/conapdis.gob.ve\/wordpress\/wp-json\/wp\/v2\/posts\/5308"}],"collection":[{"href":"http:\/\/conapdis.gob.ve\/wordpress\/wp-json\/wp\/v2\/posts"}],"about":[{"href":"http:\/\/conapdis.gob.ve\/wordpress\/wp-json\/wp\/v2\/types\/post"}],"author":[{"embeddable":true,"href":"http:\/\/conapdis.gob.ve\/wordpress\/wp-json\/wp\/v2\/users\/2"}],"replies":[{"embeddable":true,"href":"http:\/\/conapdis.gob.ve\/wordpress\/wp-json\/wp\/v2\/comments?post=5308"}],"version-history":[{"count":14,"href":"http:\/\/conapdis.gob.ve\/wordpress\/wp-json\/wp\/v2\/posts\/5308\/revisions"}],"predecessor-version":[{"id":5343,"href":"http:\/\/conapdis.gob.ve\/wordpress\/wp-json\/wp\/v2\/posts\/5308\/revisions\/5343"}],"wp:featuredmedia":[{"embeddable":true,"href":"http:\/\/conapdis.gob.ve\/wordpress\/wp-json\/wp\/v2\/media\/5323"}],"wp:attachment":[{"href":"http:\/\/conapdis.gob.ve\/wordpress\/wp-json\/wp\/v2\/media?parent=5308"}],"wp:term":[{"taxonomy":"category","embeddable":true,"href":"http:\/\/conapdis.gob.ve\/wordpress\/wp-json\/wp\/v2\/categories?post=5308"},{"taxonomy":"post_tag","embeddable":true,"href":"http:\/\/conapdis.gob.ve\/wordpress\/wp-json\/wp\/v2\/tags?post=5308"}],"curies":[{"name":"wp","href":"https:\/\/api.w.org\/{rel}","templated":true}]}}