{"id":5265,"date":"2025-11-26T14:15:34","date_gmt":"2025-11-26T18:15:34","guid":{"rendered":"http:\/\/conapdis.gob.ve\/wordpress\/?p=5265"},"modified":"2025-11-28T10:22:51","modified_gmt":"2025-11-28T14:22:51","slug":"afinan-preparativos-para-el-tour-inclusivo-del-3-de-diciembre","status":"publish","type":"post","link":"http:\/\/conapdis.gob.ve\/wordpress\/afinan-preparativos-para-el-tour-inclusivo-del-3-de-diciembre\/","title":{"rendered":"AFINAN PREPARATIVOS PARA EL TOUR INCLUSIVO DEL 3 DE DICIEMBRE"},"content":{"rendered":"\t\t<div data-elementor-type=\"wp-post\" data-elementor-id=\"5265\" class=\"elementor elementor-5265\" data-elementor-post-type=\"post\">\n\t\t\t\t<div class=\"elementor-element elementor-element-6f04dd5 e-flex e-con-boxed e-con e-parent\" data-id=\"6f04dd5\" data-element_type=\"container\">\n\t\t\t\t\t<div class=\"e-con-inner\">\n\t\t\t\t<div class=\"elementor-element elementor-element-5133f74 elementor-widget elementor-widget-heading\" data-id=\"5133f74\" data-element_type=\"widget\" data-widget_type=\"heading.default\">\n\t\t\t\t<div class=\"elementor-widget-container\">\n\t\t\t<style>\/*! elementor - v3.22.0 - 26-06-2024 *\/\n.elementor-heading-title{padding:0;margin:0;line-height:1}.elementor-widget-heading .elementor-heading-title[class*=elementor-size-]>a{color:inherit;font-size:inherit;line-height:inherit}.elementor-widget-heading .elementor-heading-title.elementor-size-small{font-size:15px}.elementor-widget-heading .elementor-heading-title.elementor-size-medium{font-size:19px}.elementor-widget-heading .elementor-heading-title.elementor-size-large{font-size:29px}.elementor-widget-heading .elementor-heading-title.elementor-size-xl{font-size:39px}.elementor-widget-heading .elementor-heading-title.elementor-size-xxl{font-size:59px}<\/style><h4 class=\"elementor-heading-title elementor-size-default\">Visibilizar para Transformar<\/h4>\t\t<\/div>\n\t\t\t\t<\/div>\n\t\t\t\t\t<\/div>\n\t\t\t\t<\/div>\n\t\t<div class=\"elementor-element elementor-element-052da67 e-flex e-con-boxed e-con e-parent\" data-id=\"052da67\" data-element_type=\"container\">\n\t\t\t\t\t<div class=\"e-con-inner\">\n\t\t\t\t<div class=\"elementor-element elementor-element-43afb42 elementor-widget elementor-widget-text-editor\" data-id=\"43afb42\" data-element_type=\"widget\" data-widget_type=\"text-editor.default\">\n\t\t\t\t<div class=\"elementor-widget-container\">\n\t\t\t<style>\/*! elementor - v3.22.0 - 26-06-2024 *\/\n.elementor-widget-text-editor.elementor-drop-cap-view-stacked .elementor-drop-cap{background-color:#69727d;color:#fff}.elementor-widget-text-editor.elementor-drop-cap-view-framed .elementor-drop-cap{color:#69727d;border:3px solid;background-color:transparent}.elementor-widget-text-editor:not(.elementor-drop-cap-view-default) .elementor-drop-cap{margin-top:8px}.elementor-widget-text-editor:not(.elementor-drop-cap-view-default) .elementor-drop-cap-letter{width:1em;height:1em}.elementor-widget-text-editor .elementor-drop-cap{float:left;text-align:center;line-height:1;font-size:50px}.elementor-widget-text-editor .elementor-drop-cap-letter{display:inline-block}<\/style>\t\t\t\t<p>Caracas. \u2013 En el marco de la conmemoraci\u00f3n del D\u00eda Internacional de las Personas con Discapacidad, a celebrarse el pr\u00f3ximo 3 de diciembre, diversas instituciones del Estado venezolano avanzan en la organizaci\u00f3n del evento nacional denominado \u201cTour de las Potencialidades Diferenciadas\u201d, una iniciativa que busca resaltar las capacidades, talentos y contribuciones de este importante sector de la poblaci\u00f3n.<\/p><p>La reuni\u00f3n preparatoria se desarroll\u00f3 en los espacios del Instituto Aut\u00f3nomo Consejo Nacional de Derechos de Ni\u00f1os, Ni\u00f1as y Adolescentes (IDENNA), adscritos a la Vicepresidencia para la Suprema Felicidad del Pueblo, y fue presidida por la Soraida Ram\u00edrez Osorio, m\u00e1xima autoridad del Consejo Nacional para las Personas con Discapacidad (CONAPDIS), la Fundaci\u00f3n Misi\u00f3n Jos\u00e9 Gregorio Hern\u00e1ndez y presidenta (E) \u00a0del IDENNA, quien lidera los esfuerzos institucionales para garantizar una jornada inclusiva, participativa y de alto impacto social.<\/p><p>El encuentro cont\u00f3 con la participaci\u00f3n de representantes de organismos fundamentales para la ejecuci\u00f3n del evento, entre ellos los Ministerio del Poder Popular para la Educaci\u00f3n, Juventud y el Deporte, Alimentaci\u00f3n y la Nutrici\u00f3n Alcald\u00eda de Caracas, Fundaci\u00f3n Generaci\u00f3n Neurodiversas (FUNDEGE), Fundaci\u00f3n Nacional El Ni\u00f1o Sim\u00f3n, El diputado An\u00edbal Ren\u00e9 Coltat. Adem\u00e1s de otras organizaciones y entes articulados al sistema de protecci\u00f3n social, demostrando la orientaci\u00f3n integral y transversal que impulsa el Gobierno Bolivariano para garantizar la plena inclusi\u00f3n de las personas con discapacidad en la vida nacional.<\/p><p>El \u201cTour de las Potencialidades Diferenciadas\u201d apuesta a un modelo de atenci\u00f3n que supera la visi\u00f3n tradicional asistencialista y se alinea con los principios de la Ley Org\u00e1nica para la Inclusi\u00f3n, Igualdad y Desarrollo Integral de las Personas con Discapacidad (LOIIDIPcD).<\/p><p>La jornada del 3 de diciembre integrar\u00e1: Servicios m\u00e9dicos y nutricionales, actividades deportivas y recreativas, muestras culturales, espacios para la expresi\u00f3n art\u00edstica, \u00e1reas de atenci\u00f3n integral y orientaci\u00f3n familiar. Todo con el objetivo de reconocer a las Personas con Discapacidad como sujetos plenos de derecho, con talento y contribuciones valiosas al desarrollo del pa\u00eds.<\/p><p>La presidenta Soraida Ram\u00edrez Osorio destac\u00f3 que este evento no solo ser\u00e1 una celebraci\u00f3n, sino una oportunidad para visibilizar las potencialidades de las personas con discapacidad, fortalecer la participaci\u00f3n protag\u00f3nica y promover una cultura de respeto y equidad.<\/p><p>Asimismo, asegur\u00f3 que la articulaci\u00f3n interinstitucional lograda durante esta jornada de planificaci\u00f3n permitir\u00e1 garantizar una convocatoria amplia y una celebraci\u00f3n que reafirme el compromiso del Estado venezolano con la justicia social, la inclusi\u00f3n y la soberan\u00eda popular.<\/p>\t\t\t\t\t\t<\/div>\n\t\t\t\t<\/div>\n\t\t\t\t\t<\/div>\n\t\t\t\t<\/div>\n\t\t<div class=\"elementor-element elementor-element-cd8fd26 e-flex e-con-boxed e-con e-parent\" data-id=\"cd8fd26\" data-element_type=\"container\">\n\t\t\t\t\t<div class=\"e-con-inner\">\n\t\t\t\t<div class=\"elementor-element elementor-element-1405251 elementor-widget elementor-widget-image\" data-id=\"1405251\" data-element_type=\"widget\" data-widget_type=\"image.default\">\n\t\t\t\t<div class=\"elementor-widget-container\">\n\t\t\t<style>\/*! elementor - v3.22.0 - 26-06-2024 *\/\n.elementor-widget-image{text-align:center}.elementor-widget-image a{display:inline-block}.elementor-widget-image a img[src$=\".svg\"]{width:48px}.elementor-widget-image img{vertical-align:middle;display:inline-block}<\/style>\t\t\t\t\t\t\t\t\t\t<img fetchpriority=\"high\" decoding=\"async\" width=\"1024\" height=\"704\" src=\"http:\/\/conapdis.gob.ve\/wordpress\/wp-content\/uploads\/2025\/11\/photo_2025-11-25_15-48-31-1024x704.jpg\" class=\"attachment-large size-large wp-image-5267\" alt=\"\" srcset=\"http:\/\/conapdis.gob.ve\/wordpress\/wp-content\/uploads\/2025\/11\/photo_2025-11-25_15-48-31-1024x704.jpg 1024w, http:\/\/conapdis.gob.ve\/wordpress\/wp-content\/uploads\/2025\/11\/photo_2025-11-25_15-48-31-300x206.jpg 300w, http:\/\/conapdis.gob.ve\/wordpress\/wp-content\/uploads\/2025\/11\/photo_2025-11-25_15-48-31-768x528.jpg 768w, http:\/\/conapdis.gob.ve\/wordpress\/wp-content\/uploads\/2025\/11\/photo_2025-11-25_15-48-31.jpg 1129w\" sizes=\"(max-width: 1024px) 100vw, 1024px\" \/>\t\t\t\t\t\t\t\t\t\t\t\t\t<\/div>\n\t\t\t\t<\/div>\n\t\t\t\t\t<\/div>\n\t\t\t\t<\/div>\n\t\t<div class=\"elementor-element elementor-element-4bc75f2 e-flex e-con-boxed e-con e-parent\" data-id=\"4bc75f2\" data-element_type=\"container\">\n\t\t\t\t\t<div class=\"e-con-inner\">\n\t\t\t\t<div class=\"elementor-element elementor-element-f24b3d5 elementor-widget elementor-widget-image\" data-id=\"f24b3d5\" data-element_type=\"widget\" data-widget_type=\"image.default\">\n\t\t\t\t<div class=\"elementor-widget-container\">\n\t\t\t\t\t\t\t\t\t\t\t\t\t<img decoding=\"async\" width=\"1024\" height=\"768\" src=\"http:\/\/conapdis.gob.ve\/wordpress\/wp-content\/uploads\/2025\/11\/photo_2025-11-25_15-49-13-1024x768.jpg\" class=\"attachment-large size-large wp-image-5268\" alt=\"\" srcset=\"http:\/\/conapdis.gob.ve\/wordpress\/wp-content\/uploads\/2025\/11\/photo_2025-11-25_15-49-13-1024x768.jpg 1024w, http:\/\/conapdis.gob.ve\/wordpress\/wp-content\/uploads\/2025\/11\/photo_2025-11-25_15-49-13-300x225.jpg 300w, http:\/\/conapdis.gob.ve\/wordpress\/wp-content\/uploads\/2025\/11\/photo_2025-11-25_15-49-13-768x576.jpg 768w, http:\/\/conapdis.gob.ve\/wordpress\/wp-content\/uploads\/2025\/11\/photo_2025-11-25_15-49-13.jpg 1177w\" sizes=\"(max-width: 1024px) 100vw, 1024px\" \/>\t\t\t\t\t\t\t\t\t\t\t\t\t<\/div>\n\t\t\t\t<\/div>\n\t\t\t\t\t<\/div>\n\t\t\t\t<\/div>\n\t\t<div class=\"elementor-element elementor-element-bb2e1a4 e-flex e-con-boxed e-con e-parent\" data-id=\"bb2e1a4\" data-element_type=\"container\">\n\t\t\t\t\t<div class=\"e-con-inner\">\n\t\t\t\t<div class=\"elementor-element elementor-element-ce3156b elementor-widget elementor-widget-image\" data-id=\"ce3156b\" data-element_type=\"widget\" data-widget_type=\"image.default\">\n\t\t\t\t<div class=\"elementor-widget-container\">\n\t\t\t\t\t\t\t\t\t\t\t\t\t<img decoding=\"async\" width=\"733\" height=\"544\" src=\"http:\/\/conapdis.gob.ve\/wordpress\/wp-content\/uploads\/2025\/11\/125.jpg\" class=\"attachment-large size-large wp-image-5269\" alt=\"\" srcset=\"http:\/\/conapdis.gob.ve\/wordpress\/wp-content\/uploads\/2025\/11\/125.jpg 733w, http:\/\/conapdis.gob.ve\/wordpress\/wp-content\/uploads\/2025\/11\/125-300x223.jpg 300w\" sizes=\"(max-width: 733px) 100vw, 733px\" \/>\t\t\t\t\t\t\t\t\t\t\t\t\t<\/div>\n\t\t\t\t<\/div>\n\t\t\t\t\t<\/div>\n\t\t\t\t<\/div>\n\t\t\t\t<\/div>\n\t\t<div class=\"gsp_post_data\" data-post_type=\"post\" data-cat=\"\" data-modified=\"120\" data-title=\"AFINAN PREPARATIVOS PARA EL TOUR INCLUSIVO DEL 3 DE DICIEMBRE\" data-home=\"http:\/\/conapdis.gob.ve\/wordpress\"><\/div>","protected":false},"excerpt":{"rendered":"<p>Visibilizar para Transformar Caracas. \u2013 En el marco de la conmemoraci\u00f3n del D\u00eda Internacional de las Personas con Discapacidad, a [&hellip;]<\/p>\n","protected":false},"author":2,"featured_media":5268,"comment_status":"closed","ping_status":"open","sticky":false,"template":"","format":"standard","meta":{"site-sidebar-layout":"default","site-content-layout":"","ast-site-content-layout":"","site-content-style":"default","site-sidebar-style":"default","ast-global-header-display":"","ast-banner-title-visibility":"","ast-main-header-display":"","ast-hfb-above-header-display":"","ast-hfb-below-header-display":"","ast-hfb-mobile-header-display":"","site-post-title":"","ast-breadcrumbs-content":"","ast-featured-img":"","footer-sml-layout":"","theme-transparent-header-meta":"","adv-header-id-meta":"","stick-header-meta":"","header-above-stick-meta":"","header-main-stick-meta":"","header-below-stick-meta":"","astra-migrate-meta-layouts":"default","ast-page-background-enabled":"default","ast-page-background-meta":{"desktop":{"background-color":"var(--ast-global-color-4)","background-image":"","background-repeat":"repeat","background-position":"center center","background-size":"auto","background-attachment":"scroll","background-type":"","background-media":"","overlay-type":"","overlay-color":"","overlay-opacity":"","overlay-gradient":""},"tablet":{"background-color":"","background-image":"","background-repeat":"repeat","background-position":"center center","background-size":"auto","background-attachment":"scroll","background-type":"","background-media":"","overlay-type":"","overlay-color":"","overlay-opacity":"","overlay-gradient":""},"mobile":{"background-color":"","background-image":"","background-repeat":"repeat","background-position":"center center","background-size":"auto","background-attachment":"scroll","background-type":"","background-media":"","overlay-type":"","overlay-color":"","overlay-opacity":"","overlay-gradient":""}},"ast-content-background-meta":{"desktop":{"background-color":"var(--ast-global-color-5)","background-image":"","background-repeat":"repeat","background-position":"center center","background-size":"auto","background-attachment":"scroll","background-type":"","background-media":"","overlay-type":"","overlay-color":"","overlay-opacity":"","overlay-gradient":""},"tablet":{"background-color":"var(--ast-global-color-5)","background-image":"","background-repeat":"repeat","background-position":"center center","background-size":"auto","background-attachment":"scroll","background-type":"","background-media":"","overlay-type":"","overlay-color":"","overlay-opacity":"","overlay-gradient":""},"mobile":{"background-color":"var(--ast-global-color-5)","background-image":"","background-repeat":"repeat","background-position":"center center","background-size":"auto","background-attachment":"scroll","background-type":"","background-media":"","overlay-type":"","overlay-color":"","overlay-opacity":"","overlay-gradient":""}},"footnotes":""},"categories":[],"tags":[],"class_list":["post-5265","post","type-post","status-publish","format-standard","has-post-thumbnail","hentry"],"_links":{"self":[{"href":"http:\/\/conapdis.gob.ve\/wordpress\/wp-json\/wp\/v2\/posts\/5265"}],"collection":[{"href":"http:\/\/conapdis.gob.ve\/wordpress\/wp-json\/wp\/v2\/posts"}],"about":[{"href":"http:\/\/conapdis.gob.ve\/wordpress\/wp-json\/wp\/v2\/types\/post"}],"author":[{"embeddable":true,"href":"http:\/\/conapdis.gob.ve\/wordpress\/wp-json\/wp\/v2\/users\/2"}],"replies":[{"embeddable":true,"href":"http:\/\/conapdis.gob.ve\/wordpress\/wp-json\/wp\/v2\/comments?post=5265"}],"version-history":[{"count":7,"href":"http:\/\/conapdis.gob.ve\/wordpress\/wp-json\/wp\/v2\/posts\/5265\/revisions"}],"predecessor-version":[{"id":5275,"href":"http:\/\/conapdis.gob.ve\/wordpress\/wp-json\/wp\/v2\/posts\/5265\/revisions\/5275"}],"wp:featuredmedia":[{"embeddable":true,"href":"http:\/\/conapdis.gob.ve\/wordpress\/wp-json\/wp\/v2\/media\/5268"}],"wp:attachment":[{"href":"http:\/\/conapdis.gob.ve\/wordpress\/wp-json\/wp\/v2\/media?parent=5265"}],"wp:term":[{"taxonomy":"category","embeddable":true,"href":"http:\/\/conapdis.gob.ve\/wordpress\/wp-json\/wp\/v2\/categories?post=5265"},{"taxonomy":"post_tag","embeddable":true,"href":"http:\/\/conapdis.gob.ve\/wordpress\/wp-json\/wp\/v2\/tags?post=5265"}],"curies":[{"name":"wp","href":"https:\/\/api.w.org\/{rel}","templated":true}]}}