{"id":5228,"date":"2025-11-19T12:48:03","date_gmt":"2025-11-19T16:48:03","guid":{"rendered":"http:\/\/conapdis.gob.ve\/wordpress\/?p=5228"},"modified":"2025-11-20T14:28:03","modified_gmt":"2025-11-20T18:28:03","slug":"culmina-con-exito-el-diplomado-en-accesibilidad-y-ajustes-razonables-para-personas-con-discapacidad","status":"publish","type":"post","link":"http:\/\/conapdis.gob.ve\/wordpress\/culmina-con-exito-el-diplomado-en-accesibilidad-y-ajustes-razonables-para-personas-con-discapacidad\/","title":{"rendered":"CULMINA CON \u00c9XITO EL DIPLOMADO EN ACCESIBILIDAD Y AJUSTES RAZONABLES PARA PERSONAS CON DISCAPACIDAD"},"content":{"rendered":"\t\t<div data-elementor-type=\"wp-post\" data-elementor-id=\"5228\" class=\"elementor elementor-5228\" data-elementor-post-type=\"post\">\n\t\t\t\t<div class=\"elementor-element elementor-element-62d595c e-flex e-con-boxed e-con e-parent\" data-id=\"62d595c\" data-element_type=\"container\">\n\t\t\t\t\t<div class=\"e-con-inner\">\n\t\t\t\t<div class=\"elementor-element elementor-element-c68f47f elementor-widget elementor-widget-text-editor\" data-id=\"c68f47f\" data-element_type=\"widget\" data-widget_type=\"text-editor.default\">\n\t\t\t\t<div class=\"elementor-widget-container\">\n\t\t\t<style>\/*! elementor - v3.22.0 - 26-06-2024 *\/\n.elementor-widget-text-editor.elementor-drop-cap-view-stacked .elementor-drop-cap{background-color:#69727d;color:#fff}.elementor-widget-text-editor.elementor-drop-cap-view-framed .elementor-drop-cap{color:#69727d;border:3px solid;background-color:transparent}.elementor-widget-text-editor:not(.elementor-drop-cap-view-default) .elementor-drop-cap{margin-top:8px}.elementor-widget-text-editor:not(.elementor-drop-cap-view-default) .elementor-drop-cap-letter{width:1em;height:1em}.elementor-widget-text-editor .elementor-drop-cap{float:left;text-align:center;line-height:1;font-size:50px}.elementor-widget-text-editor .elementor-drop-cap-letter{display:inline-block}<\/style>\t\t\t\t<p>El Consejo Nacional para las Personas con Discapacidad (CONAPDIS), en articulaci\u00f3n con la Escuela Nacional de la Defensa P\u00fablica, celebr\u00f3 la culminaci\u00f3n exitosa de la II Cohorte del Diplomado en Accesibilidad y Ajustes Razonables, desarrollado a trav\u00e9s de la Escuela de Formaci\u00f3n Comunitaria Dr. Jos\u00e9 Gregorio Hern\u00e1ndez.<\/p><p>Este programa formativo reafirma el compromiso institucional con la promoci\u00f3n de entornos inclusivos, el fortalecimiento de capacidades profesionales y la garant\u00eda plena de los derechos de las personas con discapacidad.<\/p><p>La Gerencia de Gesti\u00f3n Social de CONAPDIS estuvo a cargo de la planificaci\u00f3n y ejecuci\u00f3n del contenido program\u00e1tico, asegurando la calidad acad\u00e9mica y la pertinencia de cada m\u00f3dulo, orientados a la transformaci\u00f3n de pr\u00e1cticas y la consolidaci\u00f3n de una cultura de inclusi\u00f3n en el pa\u00eds.<\/p><p>Durante el desarrollo del diplomado, la Coordinaci\u00f3n del Servicio Nacional de Comunicaci\u00f3n Accesible (SENACOA) imparti\u00f3 los m\u00f3dulos especializados en Lengua de Se\u00f1as Venezolanas, Sistema de Lectura y Escritura Braille, Tecnolog\u00eda de Apoyo, y Orientaci\u00f3n y Movilidad, herramientas esenciales para promover entornos comunicacionales accesibles y garantizar el derecho a la informaci\u00f3n en igualdad de condiciones.<\/p><p>Asimismo, la Gerencia de Fiscalizaci\u00f3n del CONAPDIS, representada por el Lic. Jos\u00e9 Salcedo, desarroll\u00f3 el contenido referido a Accesibilidad F\u00edsica, un pilar fundamental para la eliminaci\u00f3n de barreras arquitect\u00f3nicas y urban\u00edsticas.<br \/>Por su parte, la Licda. Aurelix Salcedo, Gerente de Gesti\u00f3n Social, dict\u00f3 el m\u00f3dulo de Ajustes Razonables, orientado a la adecuaci\u00f3n de procesos, servicios y espacios que permitan la participaci\u00f3n plena y efectiva de las personas con discapacidad.<\/p><p>Con la culminaci\u00f3n de esta cohorte, CONAPDIS consolida un importante avance en la formaci\u00f3n de profesionales y servidores p\u00fablicos comprometidos con la inclusi\u00f3n, promoviendo conocimientos especializados que permiten garantizar el cumplimiento de la Ley Org\u00e1nica para la Inclusi\u00f3n, Igualdad y Desarrollo Integral de las Personas con Discapacidad.<\/p><p>Este diplomado se mantiene como un espacio formativo clave para la construcci\u00f3n de una sociedad m\u00e1s justa, accesible y sensible a la diversidad humana, reafirmando la visi\u00f3n del Estado venezolano hacia la igualdad y la dignidad de todas las personas.<\/p>\t\t\t\t\t\t<\/div>\n\t\t\t\t<\/div>\n\t\t\t\t\t<\/div>\n\t\t\t\t<\/div>\n\t\t<div class=\"elementor-element elementor-element-e52d16c e-flex e-con-boxed e-con e-parent\" data-id=\"e52d16c\" data-element_type=\"container\">\n\t\t\t\t\t<div class=\"e-con-inner\">\n\t\t\t\t<div class=\"elementor-element elementor-element-1f6fee9 elementor-widget elementor-widget-image\" data-id=\"1f6fee9\" data-element_type=\"widget\" data-widget_type=\"image.default\">\n\t\t\t\t<div class=\"elementor-widget-container\">\n\t\t\t<style>\/*! elementor - v3.22.0 - 26-06-2024 *\/\n.elementor-widget-image{text-align:center}.elementor-widget-image a{display:inline-block}.elementor-widget-image a img[src$=\".svg\"]{width:48px}.elementor-widget-image img{vertical-align:middle;display:inline-block}<\/style>\t\t\t\t\t\t\t\t\t\t<img fetchpriority=\"high\" decoding=\"async\" width=\"991\" height=\"743\" src=\"http:\/\/conapdis.gob.ve\/wordpress\/wp-content\/uploads\/2025\/11\/7e357831-4712-4991-bfb3-4c75714d43ec.jpg\" class=\"attachment-large size-large wp-image-5230\" alt=\"\" srcset=\"http:\/\/conapdis.gob.ve\/wordpress\/wp-content\/uploads\/2025\/11\/7e357831-4712-4991-bfb3-4c75714d43ec.jpg 991w, http:\/\/conapdis.gob.ve\/wordpress\/wp-content\/uploads\/2025\/11\/7e357831-4712-4991-bfb3-4c75714d43ec-300x225.jpg 300w, http:\/\/conapdis.gob.ve\/wordpress\/wp-content\/uploads\/2025\/11\/7e357831-4712-4991-bfb3-4c75714d43ec-768x576.jpg 768w\" sizes=\"(max-width: 991px) 100vw, 991px\" \/>\t\t\t\t\t\t\t\t\t\t\t\t\t<\/div>\n\t\t\t\t<\/div>\n\t\t\t\t\t<\/div>\n\t\t\t\t<\/div>\n\t\t<div class=\"elementor-element elementor-element-3b54cb8 e-flex e-con-boxed e-con e-parent\" data-id=\"3b54cb8\" data-element_type=\"container\">\n\t\t\t\t\t<div class=\"e-con-inner\">\n\t\t\t\t<div class=\"elementor-element elementor-element-e7b0398 elementor-widget elementor-widget-image\" data-id=\"e7b0398\" data-element_type=\"widget\" data-widget_type=\"image.default\">\n\t\t\t\t<div class=\"elementor-widget-container\">\n\t\t\t\t\t\t\t\t\t\t\t\t\t<img decoding=\"async\" width=\"957\" height=\"612\" src=\"http:\/\/conapdis.gob.ve\/wordpress\/wp-content\/uploads\/2025\/11\/6256ba54-6b31-442f-bbcb-26744892f5c9.jpg\" class=\"attachment-large size-large wp-image-5231\" alt=\"\" srcset=\"http:\/\/conapdis.gob.ve\/wordpress\/wp-content\/uploads\/2025\/11\/6256ba54-6b31-442f-bbcb-26744892f5c9.jpg 957w, http:\/\/conapdis.gob.ve\/wordpress\/wp-content\/uploads\/2025\/11\/6256ba54-6b31-442f-bbcb-26744892f5c9-300x192.jpg 300w, http:\/\/conapdis.gob.ve\/wordpress\/wp-content\/uploads\/2025\/11\/6256ba54-6b31-442f-bbcb-26744892f5c9-768x491.jpg 768w\" sizes=\"(max-width: 957px) 100vw, 957px\" \/>\t\t\t\t\t\t\t\t\t\t\t\t\t<\/div>\n\t\t\t\t<\/div>\n\t\t\t\t\t<\/div>\n\t\t\t\t<\/div>\n\t\t<div class=\"elementor-element elementor-element-8943c8a e-flex e-con-boxed e-con e-parent\" data-id=\"8943c8a\" data-element_type=\"container\">\n\t\t\t\t\t<div class=\"e-con-inner\">\n\t\t\t\t<div class=\"elementor-element elementor-element-121838f elementor-widget elementor-widget-image\" data-id=\"121838f\" data-element_type=\"widget\" data-widget_type=\"image.default\">\n\t\t\t\t<div class=\"elementor-widget-container\">\n\t\t\t\t\t\t\t\t\t\t\t\t\t<img decoding=\"async\" width=\"1024\" height=\"710\" src=\"http:\/\/conapdis.gob.ve\/wordpress\/wp-content\/uploads\/2025\/11\/7344c25f-4898-41f8-b717-328fbea34987.jpg\" class=\"attachment-large size-large wp-image-5232\" alt=\"\" srcset=\"http:\/\/conapdis.gob.ve\/wordpress\/wp-content\/uploads\/2025\/11\/7344c25f-4898-41f8-b717-328fbea34987.jpg 1024w, http:\/\/conapdis.gob.ve\/wordpress\/wp-content\/uploads\/2025\/11\/7344c25f-4898-41f8-b717-328fbea34987-300x208.jpg 300w, http:\/\/conapdis.gob.ve\/wordpress\/wp-content\/uploads\/2025\/11\/7344c25f-4898-41f8-b717-328fbea34987-768x533.jpg 768w\" sizes=\"(max-width: 1024px) 100vw, 1024px\" \/>\t\t\t\t\t\t\t\t\t\t\t\t\t<\/div>\n\t\t\t\t<\/div>\n\t\t\t\t\t<\/div>\n\t\t\t\t<\/div>\n\t\t<div class=\"elementor-element elementor-element-3327c93 e-flex e-con-boxed e-con e-parent\" data-id=\"3327c93\" data-element_type=\"container\">\n\t\t\t\t\t<div class=\"e-con-inner\">\n\t\t\t\t<div class=\"elementor-element elementor-element-cde5fd7 elementor-widget elementor-widget-image\" data-id=\"cde5fd7\" data-element_type=\"widget\" data-widget_type=\"image.default\">\n\t\t\t\t<div class=\"elementor-widget-container\">\n\t\t\t\t\t\t\t\t\t\t\t\t\t<img loading=\"lazy\" decoding=\"async\" width=\"921\" height=\"648\" src=\"http:\/\/conapdis.gob.ve\/wordpress\/wp-content\/uploads\/2025\/11\/8da66761-5428-4955-ae4c-138bc3e058ce.jpg\" class=\"attachment-large size-large wp-image-5233\" alt=\"\" srcset=\"http:\/\/conapdis.gob.ve\/wordpress\/wp-content\/uploads\/2025\/11\/8da66761-5428-4955-ae4c-138bc3e058ce.jpg 921w, http:\/\/conapdis.gob.ve\/wordpress\/wp-content\/uploads\/2025\/11\/8da66761-5428-4955-ae4c-138bc3e058ce-300x211.jpg 300w, http:\/\/conapdis.gob.ve\/wordpress\/wp-content\/uploads\/2025\/11\/8da66761-5428-4955-ae4c-138bc3e058ce-768x540.jpg 768w\" sizes=\"(max-width: 921px) 100vw, 921px\" \/>\t\t\t\t\t\t\t\t\t\t\t\t\t<\/div>\n\t\t\t\t<\/div>\n\t\t\t\t\t<\/div>\n\t\t\t\t<\/div>\n\t\t\t\t<\/div>\n\t\t<div class=\"gsp_post_data\" data-post_type=\"post\" data-cat=\"\" data-modified=\"120\" data-title=\"CULMINA CON \u00c9XITO EL DIPLOMADO EN ACCESIBILIDAD Y AJUSTES RAZONABLES PARA PERSONAS CON DISCAPACIDAD\" data-home=\"http:\/\/conapdis.gob.ve\/wordpress\"><\/div>","protected":false},"excerpt":{"rendered":"<p>El Consejo Nacional para las Personas con Discapacidad (CONAPDIS), en articulaci\u00f3n con la Escuela Nacional de la Defensa P\u00fablica, celebr\u00f3 [&hellip;]<\/p>\n","protected":false},"author":2,"featured_media":5233,"comment_status":"closed","ping_status":"open","sticky":false,"template":"","format":"standard","meta":{"site-sidebar-layout":"default","site-content-layout":"","ast-site-content-layout":"","site-content-style":"default","site-sidebar-style":"default","ast-global-header-display":"","ast-banner-title-visibility":"","ast-main-header-display":"","ast-hfb-above-header-display":"","ast-hfb-below-header-display":"","ast-hfb-mobile-header-display":"","site-post-title":"","ast-breadcrumbs-content":"","ast-featured-img":"","footer-sml-layout":"","theme-transparent-header-meta":"","adv-header-id-meta":"","stick-header-meta":"","header-above-stick-meta":"","header-main-stick-meta":"","header-below-stick-meta":"","astra-migrate-meta-layouts":"default","ast-page-background-enabled":"default","ast-page-background-meta":{"desktop":{"background-color":"var(--ast-global-color-4)","background-image":"","background-repeat":"repeat","background-position":"center center","background-size":"auto","background-attachment":"scroll","background-type":"","background-media":"","overlay-type":"","overlay-color":"","overlay-opacity":"","overlay-gradient":""},"tablet":{"background-color":"","background-image":"","background-repeat":"repeat","background-position":"center center","background-size":"auto","background-attachment":"scroll","background-type":"","background-media":"","overlay-type":"","overlay-color":"","overlay-opacity":"","overlay-gradient":""},"mobile":{"background-color":"","background-image":"","background-repeat":"repeat","background-position":"center center","background-size":"auto","background-attachment":"scroll","background-type":"","background-media":"","overlay-type":"","overlay-color":"","overlay-opacity":"","overlay-gradient":""}},"ast-content-background-meta":{"desktop":{"background-color":"var(--ast-global-color-5)","background-image":"","background-repeat":"repeat","background-position":"center center","background-size":"auto","background-attachment":"scroll","background-type":"","background-media":"","overlay-type":"","overlay-color":"","overlay-opacity":"","overlay-gradient":""},"tablet":{"background-color":"var(--ast-global-color-5)","background-image":"","background-repeat":"repeat","background-position":"center center","background-size":"auto","background-attachment":"scroll","background-type":"","background-media":"","overlay-type":"","overlay-color":"","overlay-opacity":"","overlay-gradient":""},"mobile":{"background-color":"var(--ast-global-color-5)","background-image":"","background-repeat":"repeat","background-position":"center center","background-size":"auto","background-attachment":"scroll","background-type":"","background-media":"","overlay-type":"","overlay-color":"","overlay-opacity":"","overlay-gradient":""}},"footnotes":""},"categories":[],"tags":[],"class_list":["post-5228","post","type-post","status-publish","format-standard","has-post-thumbnail","hentry"],"_links":{"self":[{"href":"http:\/\/conapdis.gob.ve\/wordpress\/wp-json\/wp\/v2\/posts\/5228"}],"collection":[{"href":"http:\/\/conapdis.gob.ve\/wordpress\/wp-json\/wp\/v2\/posts"}],"about":[{"href":"http:\/\/conapdis.gob.ve\/wordpress\/wp-json\/wp\/v2\/types\/post"}],"author":[{"embeddable":true,"href":"http:\/\/conapdis.gob.ve\/wordpress\/wp-json\/wp\/v2\/users\/2"}],"replies":[{"embeddable":true,"href":"http:\/\/conapdis.gob.ve\/wordpress\/wp-json\/wp\/v2\/comments?post=5228"}],"version-history":[{"count":4,"href":"http:\/\/conapdis.gob.ve\/wordpress\/wp-json\/wp\/v2\/posts\/5228\/revisions"}],"predecessor-version":[{"id":5236,"href":"http:\/\/conapdis.gob.ve\/wordpress\/wp-json\/wp\/v2\/posts\/5228\/revisions\/5236"}],"wp:featuredmedia":[{"embeddable":true,"href":"http:\/\/conapdis.gob.ve\/wordpress\/wp-json\/wp\/v2\/media\/5233"}],"wp:attachment":[{"href":"http:\/\/conapdis.gob.ve\/wordpress\/wp-json\/wp\/v2\/media?parent=5228"}],"wp:term":[{"taxonomy":"category","embeddable":true,"href":"http:\/\/conapdis.gob.ve\/wordpress\/wp-json\/wp\/v2\/categories?post=5228"},{"taxonomy":"post_tag","embeddable":true,"href":"http:\/\/conapdis.gob.ve\/wordpress\/wp-json\/wp\/v2\/tags?post=5228"}],"curies":[{"name":"wp","href":"https:\/\/api.w.org\/{rel}","templated":true}]}}