{"id":5218,"date":"2025-11-13T11:23:30","date_gmt":"2025-11-13T15:23:30","guid":{"rendered":"http:\/\/conapdis.gob.ve\/wordpress\/?p=5218"},"modified":"2025-11-13T13:57:19","modified_gmt":"2025-11-13T17:57:19","slug":"conapdis-impulsa-jornada-formativa-en-la-escuela-de-fiscales-del-ministerio-publico","status":"publish","type":"post","link":"http:\/\/conapdis.gob.ve\/wordpress\/conapdis-impulsa-jornada-formativa-en-la-escuela-de-fiscales-del-ministerio-publico\/","title":{"rendered":"CONAPDIS IMPULSA JORNADA FORMATIVA EN LA ESCUELA DE FISCALES DEL MINISTERIO P\u00daBLICO"},"content":{"rendered":"\t\t<div data-elementor-type=\"wp-post\" data-elementor-id=\"5218\" class=\"elementor elementor-5218\" data-elementor-post-type=\"post\">\n\t\t\t\t<div class=\"elementor-element elementor-element-6066cc0 e-flex e-con-boxed e-con e-parent\" data-id=\"6066cc0\" data-element_type=\"container\">\n\t\t\t\t\t<div class=\"e-con-inner\">\n\t\t\t\t<div class=\"elementor-element elementor-element-a4a1f9c elementor-widget elementor-widget-text-editor\" data-id=\"a4a1f9c\" data-element_type=\"widget\" data-widget_type=\"text-editor.default\">\n\t\t\t\t<div class=\"elementor-widget-container\">\n\t\t\t<style>\/*! elementor - v3.22.0 - 26-06-2024 *\/\n.elementor-widget-text-editor.elementor-drop-cap-view-stacked .elementor-drop-cap{background-color:#69727d;color:#fff}.elementor-widget-text-editor.elementor-drop-cap-view-framed .elementor-drop-cap{color:#69727d;border:3px solid;background-color:transparent}.elementor-widget-text-editor:not(.elementor-drop-cap-view-default) .elementor-drop-cap{margin-top:8px}.elementor-widget-text-editor:not(.elementor-drop-cap-view-default) .elementor-drop-cap-letter{width:1em;height:1em}.elementor-widget-text-editor .elementor-drop-cap{float:left;text-align:center;line-height:1;font-size:50px}.elementor-widget-text-editor .elementor-drop-cap-letter{display:inline-block}<\/style>\t\t\t\t<p style=\"text-align: justify;\"><strong><span style=\"font-family: 'Arial',sans-serif;\">El Consejo Nacional para las Personas con Discapacidad (CONAPDIS), a trav\u00e9s de la Coordinaci\u00f3n Nacional de Formaci\u00f3n adscrita a la Gerencia de Gesti\u00f3n Social, contin\u00faa fortaleciendo su compromiso con la inclusi\u00f3n, la sensibilizaci\u00f3n y el respeto hacia las personas con discapacidad en todo el territorio nacional.<\/span><\/strong><\/p><p style=\"text-align: justify;\" data-start=\"618\" data-end=\"913\"><strong><span style=\"font-family: 'Arial',sans-serif;\">En esta oportunidad, la instituci\u00f3n llev\u00f3 a cabo una jornada formativa en la <span style=\"font-family: Arial, sans-serif;\">Escuela de Fiscales del Ministerio P\u00fablico<\/span>, en Caracas con el prop\u00f3sito de promover una cultura de respeto, equidad y justicia a trav\u00e9s del taller <span style=\"font-family: Arial, sans-serif;\">\u201cDerechos Humanos y Trato Adecuado hacia las Personas con Discapacidad\u201d<\/span>.<\/span><\/strong><\/p><p style=\"text-align: justify;\" data-start=\"915\" data-end=\"1378\"><strong><span style=\"font-family: 'Arial',sans-serif;\">Durante la actividad, los participantes reflexionaron sobre la importancia de garantizar una atenci\u00f3n oportuna, emp\u00e1tica y apegada a la Ley Org\u00e1nica para la Inclusi\u00f3n, Igualdad y Desarrollo Integral de las Personas con Discapacidad, as\u00ed como al marco de los derechos humanos universales. El encuentro permiti\u00f3 adem\u00e1s generar espacios de di\u00e1logo sobre los desaf\u00edos y responsabilidades que tiene el sistema de justicia en la protecci\u00f3n de los derechos de las personas con discapacidad. <\/span><\/strong><\/p><p style=\"text-align: justify;\" data-start=\"1380\" data-end=\"1675\"><strong><span style=\"font-family: 'Arial',sans-serif;\">La Coordinaci\u00f3n Nacional de Formaci\u00f3n destac\u00f3 que estos procesos educativos son esenciales para avanzar hacia una gesti\u00f3n p\u00fablica m\u00e1s humana, que reconozca las capacidades, aportes y necesidades de las personas con discapacidad, erradicando prejuicios y pr\u00e1cticas discriminatorias.<\/span><\/strong><\/p><p style=\"text-align: justify;\" data-start=\"1677\" data-end=\"1972\"><strong><span style=\"font-family: 'Arial',sans-serif;\">Asimismo, se resalt\u00f3 el papel del Ministerio P\u00fablico como actor clave en la defensa de los derechos fundamentales, por lo que esta articulaci\u00f3n interinstitucional representa un paso firme en la consolidaci\u00f3n de pol\u00edticas p\u00fablicas orientadas a la igualdad de oportunidades y la inclusi\u00f3n plena.<\/span><\/strong><\/p><p style=\"text-align: justify;\" data-start=\"1974\" data-end=\"2367\"><strong><span style=\"font-family: 'Arial',sans-serif;\">Con esta jornada, CONAPDIS reafirma su misi\u00f3n de seguir impulsando la sensibilizaci\u00f3n y capacitaci\u00f3n de los distintos entes del Estado, fomentando el respeto, la empat\u00eda y la garant\u00eda efectiva de los derechos de las personas con discapacidad, en consonancia con los lineamientos del Gobierno Bolivariano y las pol\u00edticas de protecci\u00f3n social promovidas por el presidente Nicol\u00e1s Maduro Moros.<\/span><\/strong><\/p>\t\t\t\t\t\t<\/div>\n\t\t\t\t<\/div>\n\t\t\t\t\t<\/div>\n\t\t\t\t<\/div>\n\t\t<div class=\"elementor-element elementor-element-287f0ae e-flex e-con-boxed e-con e-parent\" data-id=\"287f0ae\" data-element_type=\"container\">\n\t\t\t\t\t<div class=\"e-con-inner\">\n\t\t\t\t<div class=\"elementor-element elementor-element-b843bc0 elementor-widget elementor-widget-image\" data-id=\"b843bc0\" data-element_type=\"widget\" data-widget_type=\"image.default\">\n\t\t\t\t<div class=\"elementor-widget-container\">\n\t\t\t<style>\/*! elementor - v3.22.0 - 26-06-2024 *\/\n.elementor-widget-image{text-align:center}.elementor-widget-image a{display:inline-block}.elementor-widget-image a img[src$=\".svg\"]{width:48px}.elementor-widget-image img{vertical-align:middle;display:inline-block}<\/style>\t\t\t\t\t\t\t\t\t\t<img fetchpriority=\"high\" decoding=\"async\" width=\"990\" height=\"598\" src=\"http:\/\/conapdis.gob.ve\/wordpress\/wp-content\/uploads\/2025\/11\/243ff767-48cf-44ab-b163-d7a55f957b85.jpg\" class=\"attachment-large size-large wp-image-5220\" alt=\"\" srcset=\"http:\/\/conapdis.gob.ve\/wordpress\/wp-content\/uploads\/2025\/11\/243ff767-48cf-44ab-b163-d7a55f957b85.jpg 990w, http:\/\/conapdis.gob.ve\/wordpress\/wp-content\/uploads\/2025\/11\/243ff767-48cf-44ab-b163-d7a55f957b85-300x181.jpg 300w, http:\/\/conapdis.gob.ve\/wordpress\/wp-content\/uploads\/2025\/11\/243ff767-48cf-44ab-b163-d7a55f957b85-768x464.jpg 768w\" sizes=\"(max-width: 990px) 100vw, 990px\" \/>\t\t\t\t\t\t\t\t\t\t\t\t\t<\/div>\n\t\t\t\t<\/div>\n\t\t\t\t\t<\/div>\n\t\t\t\t<\/div>\n\t\t<div class=\"elementor-element elementor-element-2586bf6 e-flex e-con-boxed e-con e-parent\" data-id=\"2586bf6\" data-element_type=\"container\">\n\t\t\t\t\t<div class=\"e-con-inner\">\n\t\t\t\t<div class=\"elementor-element elementor-element-fbffa4c elementor-widget elementor-widget-image\" data-id=\"fbffa4c\" data-element_type=\"widget\" data-widget_type=\"image.default\">\n\t\t\t\t<div class=\"elementor-widget-container\">\n\t\t\t\t\t\t\t\t\t\t\t\t\t<img decoding=\"async\" width=\"1024\" height=\"679\" src=\"http:\/\/conapdis.gob.ve\/wordpress\/wp-content\/uploads\/2025\/11\/904b3a8c-61a4-4a97-b920-1868c522b276-1024x679.jpg\" class=\"attachment-large size-large wp-image-5221\" alt=\"\" srcset=\"http:\/\/conapdis.gob.ve\/wordpress\/wp-content\/uploads\/2025\/11\/904b3a8c-61a4-4a97-b920-1868c522b276-1024x679.jpg 1024w, http:\/\/conapdis.gob.ve\/wordpress\/wp-content\/uploads\/2025\/11\/904b3a8c-61a4-4a97-b920-1868c522b276-300x199.jpg 300w, http:\/\/conapdis.gob.ve\/wordpress\/wp-content\/uploads\/2025\/11\/904b3a8c-61a4-4a97-b920-1868c522b276-768x510.jpg 768w, http:\/\/conapdis.gob.ve\/wordpress\/wp-content\/uploads\/2025\/11\/904b3a8c-61a4-4a97-b920-1868c522b276.jpg 1067w\" sizes=\"(max-width: 1024px) 100vw, 1024px\" \/>\t\t\t\t\t\t\t\t\t\t\t\t\t<\/div>\n\t\t\t\t<\/div>\n\t\t\t\t\t<\/div>\n\t\t\t\t<\/div>\n\t\t<div class=\"elementor-element elementor-element-15a9019 e-flex e-con-boxed e-con e-parent\" data-id=\"15a9019\" data-element_type=\"container\">\n\t\t\t\t\t<div class=\"e-con-inner\">\n\t\t\t\t<div class=\"elementor-element elementor-element-4cc2f34 elementor-widget elementor-widget-image\" data-id=\"4cc2f34\" data-element_type=\"widget\" data-widget_type=\"image.default\">\n\t\t\t\t<div class=\"elementor-widget-container\">\n\t\t\t\t\t\t\t\t\t\t\t\t\t<img decoding=\"async\" width=\"1024\" height=\"672\" src=\"http:\/\/conapdis.gob.ve\/wordpress\/wp-content\/uploads\/2025\/11\/a92d3e4e-1940-41f0-bf39-6d342c154442-1024x672.jpg\" class=\"attachment-large size-large wp-image-5222\" alt=\"\" srcset=\"http:\/\/conapdis.gob.ve\/wordpress\/wp-content\/uploads\/2025\/11\/a92d3e4e-1940-41f0-bf39-6d342c154442-1024x672.jpg 1024w, http:\/\/conapdis.gob.ve\/wordpress\/wp-content\/uploads\/2025\/11\/a92d3e4e-1940-41f0-bf39-6d342c154442-300x197.jpg 300w, http:\/\/conapdis.gob.ve\/wordpress\/wp-content\/uploads\/2025\/11\/a92d3e4e-1940-41f0-bf39-6d342c154442-768x504.jpg 768w, http:\/\/conapdis.gob.ve\/wordpress\/wp-content\/uploads\/2025\/11\/a92d3e4e-1940-41f0-bf39-6d342c154442.jpg 1280w\" sizes=\"(max-width: 1024px) 100vw, 1024px\" \/>\t\t\t\t\t\t\t\t\t\t\t\t\t<\/div>\n\t\t\t\t<\/div>\n\t\t\t\t\t<\/div>\n\t\t\t\t<\/div>\n\t\t\t\t<\/div>\n\t\t<div class=\"gsp_post_data\" data-post_type=\"post\" data-cat=\"\" data-modified=\"120\" data-title=\"CONAPDIS IMPULSA JORNADA FORMATIVA EN LA ESCUELA DE FISCALES DEL MINISTERIO P\u00daBLICO\" data-home=\"http:\/\/conapdis.gob.ve\/wordpress\"><\/div>","protected":false},"excerpt":{"rendered":"<p>El Consejo Nacional para las Personas con Discapacidad (CONAPDIS), a trav\u00e9s de la Coordinaci\u00f3n Nacional de Formaci\u00f3n adscrita a la [&hellip;]<\/p>\n","protected":false},"author":2,"featured_media":5224,"comment_status":"closed","ping_status":"open","sticky":false,"template":"","format":"standard","meta":{"site-sidebar-layout":"default","site-content-layout":"","ast-site-content-layout":"","site-content-style":"default","site-sidebar-style":"default","ast-global-header-display":"","ast-banner-title-visibility":"","ast-main-header-display":"","ast-hfb-above-header-display":"","ast-hfb-below-header-display":"","ast-hfb-mobile-header-display":"","site-post-title":"","ast-breadcrumbs-content":"","ast-featured-img":"","footer-sml-layout":"","theme-transparent-header-meta":"","adv-header-id-meta":"","stick-header-meta":"","header-above-stick-meta":"","header-main-stick-meta":"","header-below-stick-meta":"","astra-migrate-meta-layouts":"default","ast-page-background-enabled":"default","ast-page-background-meta":{"desktop":{"background-color":"var(--ast-global-color-4)","background-image":"","background-repeat":"repeat","background-position":"center center","background-size":"auto","background-attachment":"scroll","background-type":"","background-media":"","overlay-type":"","overlay-color":"","overlay-opacity":"","overlay-gradient":""},"tablet":{"background-color":"","background-image":"","background-repeat":"repeat","background-position":"center center","background-size":"auto","background-attachment":"scroll","background-type":"","background-media":"","overlay-type":"","overlay-color":"","overlay-opacity":"","overlay-gradient":""},"mobile":{"background-color":"","background-image":"","background-repeat":"repeat","background-position":"center center","background-size":"auto","background-attachment":"scroll","background-type":"","background-media":"","overlay-type":"","overlay-color":"","overlay-opacity":"","overlay-gradient":""}},"ast-content-background-meta":{"desktop":{"background-color":"var(--ast-global-color-5)","background-image":"","background-repeat":"repeat","background-position":"center center","background-size":"auto","background-attachment":"scroll","background-type":"","background-media":"","overlay-type":"","overlay-color":"","overlay-opacity":"","overlay-gradient":""},"tablet":{"background-color":"var(--ast-global-color-5)","background-image":"","background-repeat":"repeat","background-position":"center center","background-size":"auto","background-attachment":"scroll","background-type":"","background-media":"","overlay-type":"","overlay-color":"","overlay-opacity":"","overlay-gradient":""},"mobile":{"background-color":"var(--ast-global-color-5)","background-image":"","background-repeat":"repeat","background-position":"center center","background-size":"auto","background-attachment":"scroll","background-type":"","background-media":"","overlay-type":"","overlay-color":"","overlay-opacity":"","overlay-gradient":""}},"footnotes":""},"categories":[],"tags":[],"class_list":["post-5218","post","type-post","status-publish","format-standard","has-post-thumbnail","hentry"],"_links":{"self":[{"href":"http:\/\/conapdis.gob.ve\/wordpress\/wp-json\/wp\/v2\/posts\/5218"}],"collection":[{"href":"http:\/\/conapdis.gob.ve\/wordpress\/wp-json\/wp\/v2\/posts"}],"about":[{"href":"http:\/\/conapdis.gob.ve\/wordpress\/wp-json\/wp\/v2\/types\/post"}],"author":[{"embeddable":true,"href":"http:\/\/conapdis.gob.ve\/wordpress\/wp-json\/wp\/v2\/users\/2"}],"replies":[{"embeddable":true,"href":"http:\/\/conapdis.gob.ve\/wordpress\/wp-json\/wp\/v2\/comments?post=5218"}],"version-history":[{"count":4,"href":"http:\/\/conapdis.gob.ve\/wordpress\/wp-json\/wp\/v2\/posts\/5218\/revisions"}],"predecessor-version":[{"id":5227,"href":"http:\/\/conapdis.gob.ve\/wordpress\/wp-json\/wp\/v2\/posts\/5218\/revisions\/5227"}],"wp:featuredmedia":[{"embeddable":true,"href":"http:\/\/conapdis.gob.ve\/wordpress\/wp-json\/wp\/v2\/media\/5224"}],"wp:attachment":[{"href":"http:\/\/conapdis.gob.ve\/wordpress\/wp-json\/wp\/v2\/media?parent=5218"}],"wp:term":[{"taxonomy":"category","embeddable":true,"href":"http:\/\/conapdis.gob.ve\/wordpress\/wp-json\/wp\/v2\/categories?post=5218"},{"taxonomy":"post_tag","embeddable":true,"href":"http:\/\/conapdis.gob.ve\/wordpress\/wp-json\/wp\/v2\/tags?post=5218"}],"curies":[{"name":"wp","href":"https:\/\/api.w.org\/{rel}","templated":true}]}}