{"id":3629,"date":"2025-05-08T15:52:01","date_gmt":"2025-05-08T19:52:01","guid":{"rendered":"http:\/\/conapdis.gob.ve\/wordpress\/?p=3629"},"modified":"2025-05-13T10:34:01","modified_gmt":"2025-05-13T14:34:01","slug":"la-iglesia-da-la-bienvenida-a-leon-xiv","status":"publish","type":"post","link":"http:\/\/conapdis.gob.ve\/wordpress\/la-iglesia-da-la-bienvenida-a-leon-xiv\/","title":{"rendered":"LA IGLESIA DA LA BIENVENIDA A LE\u00d3N XIV:"},"content":{"rendered":"\t\t<div data-elementor-type=\"wp-post\" data-elementor-id=\"3629\" class=\"elementor elementor-3629\" data-elementor-post-type=\"post\">\n\t\t\t\t<div class=\"elementor-element elementor-element-57607c5 e-flex e-con-boxed e-con e-parent\" data-id=\"57607c5\" data-element_type=\"container\">\n\t\t\t\t\t<div class=\"e-con-inner\">\n\t\t\t\t<div class=\"elementor-element elementor-element-532a19a elementor-widget elementor-widget-heading\" data-id=\"532a19a\" data-element_type=\"widget\" data-widget_type=\"heading.default\">\n\t\t\t\t<div class=\"elementor-widget-container\">\n\t\t\t<style>\/*! elementor - v3.22.0 - 26-06-2024 *\/\n.elementor-heading-title{padding:0;margin:0;line-height:1}.elementor-widget-heading .elementor-heading-title[class*=elementor-size-]>a{color:inherit;font-size:inherit;line-height:inherit}.elementor-widget-heading .elementor-heading-title.elementor-size-small{font-size:15px}.elementor-widget-heading .elementor-heading-title.elementor-size-medium{font-size:19px}.elementor-widget-heading .elementor-heading-title.elementor-size-large{font-size:29px}.elementor-widget-heading .elementor-heading-title.elementor-size-xl{font-size:39px}.elementor-widget-heading .elementor-heading-title.elementor-size-xxl{font-size:59px}<\/style><h4 class=\"elementor-heading-title elementor-size-default\">El Cardenal Robert Prevost es elegido Sumo Pont\u00edfice<\/h4>\t\t<\/div>\n\t\t\t\t<\/div>\n\t\t\t\t\t<\/div>\n\t\t\t\t<\/div>\n\t\t<div class=\"elementor-element elementor-element-c5dfcf8 e-flex e-con-boxed e-con e-parent\" data-id=\"c5dfcf8\" data-element_type=\"container\">\n\t\t\t\t\t<div class=\"e-con-inner\">\n\t\t\t\t<div class=\"elementor-element elementor-element-edfde2f elementor-widget elementor-widget-text-editor\" data-id=\"edfde2f\" data-element_type=\"widget\" data-widget_type=\"text-editor.default\">\n\t\t\t\t<div class=\"elementor-widget-container\">\n\t\t\t<style>\/*! elementor - v3.22.0 - 26-06-2024 *\/\n.elementor-widget-text-editor.elementor-drop-cap-view-stacked .elementor-drop-cap{background-color:#69727d;color:#fff}.elementor-widget-text-editor.elementor-drop-cap-view-framed .elementor-drop-cap{color:#69727d;border:3px solid;background-color:transparent}.elementor-widget-text-editor:not(.elementor-drop-cap-view-default) .elementor-drop-cap{margin-top:8px}.elementor-widget-text-editor:not(.elementor-drop-cap-view-default) .elementor-drop-cap-letter{width:1em;height:1em}.elementor-widget-text-editor .elementor-drop-cap{float:left;text-align:center;line-height:1;font-size:50px}.elementor-widget-text-editor .elementor-drop-cap-letter{display:inline-block}<\/style>\t\t\t\t<p>El Vaticano ha anunciado oficialmente la elecci\u00f3n del nuevo Sumo Pont\u00edfice de la Iglesia Cat\u00f3lica: el cardenal Robert Francis Prevost de 69 a\u00f1os, nacido en Chicago, Estados Unidos, el 14 de septiembre de 1955 quien ha adoptado el nombre de Le\u00f3n XIV. Con este hecho hist\u00f3rico, se convierte en el 267.\u00ba Papa de la Iglesia y en el primero de nacionalidad estadounidense y posee adem\u00e1s nacionalidad peruana, fruto de su estrecha labor pastoral en, donde sirvi\u00f3 como misionero agustino y fue obispo de Chiclayo durante m\u00e1s de cuatro d\u00e9cadas.<\/p><p>Su elecci\u00f3n tuvo lugar tras la cuarta votaci\u00f3n del c\u00f3nclave, que se extendi\u00f3 por dos d\u00edas, y refleja la confianza depositada en un liderazgo que combina firmeza espiritual, vocaci\u00f3n misionera y sensibilidad social. Desde el \u00e1mbito institucional, reconocemos con profunda esperanza las palabras expresadas en su primer mensaje desde el balc\u00f3n de la Bas\u00edlica de San Pedro, donde Le\u00f3n XIV abog\u00f3 por una Iglesia \u00abmisionera, acogedora y sinodal\u00bb, reafirmando su compromiso con la paz, la justicia y la fidelidad a Jesucristo.<\/p><p>El nuevo Papa, considerado cercano al legado pastoral y social del Papa Francisco fallecido el pasado 21 de abril, representa una continuidad en la visi\u00f3n de una Iglesia inclusiva, pr\u00f3xima al pueblo y atenta a las realidades humanas m\u00e1s vulnerables. En su primera aparici\u00f3n p\u00fablica, Le\u00f3n XIV visti\u00f3 la indumentaria papal tradicional completa, incluyendo la muceta roja, la estola bordada y la cruz dorada, gesto que ha sido interpretado como un s\u00edmbolo de respeto a la solemnidad del momento y al peso institucional de la Iglesia, en un equilibrio entre tradici\u00f3n y apertura.<\/p><p>El presidente Nicolas Maduro Moros, con respeto, fe y sentido institucional, acoge con devoci\u00f3n la elecci\u00f3n del nuevo Papa Le\u00f3n XIV, reconoci\u00e9ndolo como Sucesor de San Pedro y gu\u00eda espiritual de la Iglesia Cat\u00f3lica, elevando oraciones por su pontificado y pidiendo a Dios que lo ilumine en su misi\u00f3n. El presidente Maduro expres\u00f3 confianza en la continuidad del legado del Papa Francisco, valorando los avances logrados bajo su liderazgo. Con filial respeto, solicita al Vaticano el avance en las causas de canonizaci\u00f3n de la Madre Carmen Rendiles y del Dr. Jos\u00e9 Gregorio Hern\u00e1ndez, considerados ejemplos de santidad para el pueblo venezolano. Se reafirma el compromiso de Venezuela con la fe cristiana y su plena comuni\u00f3n con la Iglesia, manifestando el deseo de seguir caminando junto al Santo Padre en unidad y esperanza.<\/p><p>Desde el Consejo Nacional para las Personas con Discapacidad (CONAPDIS) y la Fundaci\u00f3n Misi\u00f3n Jos\u00e9 Gregorio Hern\u00e1ndez celebramos esta elecci\u00f3n con la certeza de que bajo el pontificado de Le\u00f3n XIV se fortalecer\u00e1n los caminos de inclusi\u00f3n, dignidad humana, y acompa\u00f1amiento espiritual y social, valores que compartimos profundamente en nuestra labor diaria.<\/p>\t\t\t\t\t\t<\/div>\n\t\t\t\t<\/div>\n\t\t\t\t\t<\/div>\n\t\t\t\t<\/div>\n\t\t<div class=\"elementor-element elementor-element-82f6de9 e-flex e-con-boxed e-con e-parent\" data-id=\"82f6de9\" data-element_type=\"container\">\n\t\t\t\t\t<div class=\"e-con-inner\">\n\t\t\t\t<div class=\"elementor-element elementor-element-b3b95aa elementor-widget elementor-widget-image\" data-id=\"b3b95aa\" data-element_type=\"widget\" data-widget_type=\"image.default\">\n\t\t\t\t<div class=\"elementor-widget-container\">\n\t\t\t<style>\/*! elementor - v3.22.0 - 26-06-2024 *\/\n.elementor-widget-image{text-align:center}.elementor-widget-image a{display:inline-block}.elementor-widget-image a img[src$=\".svg\"]{width:48px}.elementor-widget-image img{vertical-align:middle;display:inline-block}<\/style>\t\t\t\t\t\t\t\t\t\t<img fetchpriority=\"high\" decoding=\"async\" width=\"608\" height=\"327\" src=\"http:\/\/conapdis.gob.ve\/wordpress\/wp-content\/uploads\/2025\/05\/photo_2025-05-08_15-40-58-1.jpg\" class=\"attachment-large size-large wp-image-3633\" alt=\"\" srcset=\"http:\/\/conapdis.gob.ve\/wordpress\/wp-content\/uploads\/2025\/05\/photo_2025-05-08_15-40-58-1.jpg 608w, http:\/\/conapdis.gob.ve\/wordpress\/wp-content\/uploads\/2025\/05\/photo_2025-05-08_15-40-58-1-300x161.jpg 300w\" sizes=\"(max-width: 608px) 100vw, 608px\" \/>\t\t\t\t\t\t\t\t\t\t\t\t\t<\/div>\n\t\t\t\t<\/div>\n\t\t\t\t\t<\/div>\n\t\t\t\t<\/div>\n\t\t<div class=\"elementor-element elementor-element-3855921 e-flex e-con-boxed e-con e-parent\" data-id=\"3855921\" data-element_type=\"container\">\n\t\t\t\t\t<div class=\"e-con-inner\">\n\t\t\t\t<div class=\"elementor-element elementor-element-d3211ab elementor-widget elementor-widget-image\" data-id=\"d3211ab\" data-element_type=\"widget\" data-widget_type=\"image.default\">\n\t\t\t\t<div class=\"elementor-widget-container\">\n\t\t\t\t\t\t\t\t\t\t\t\t\t<img decoding=\"async\" width=\"622\" height=\"337\" src=\"http:\/\/conapdis.gob.ve\/wordpress\/wp-content\/uploads\/2025\/05\/photo_2025-05-08_15-50-37.jpg\" class=\"attachment-large size-large wp-image-3634\" alt=\"\" srcset=\"http:\/\/conapdis.gob.ve\/wordpress\/wp-content\/uploads\/2025\/05\/photo_2025-05-08_15-50-37.jpg 622w, http:\/\/conapdis.gob.ve\/wordpress\/wp-content\/uploads\/2025\/05\/photo_2025-05-08_15-50-37-300x163.jpg 300w\" sizes=\"(max-width: 622px) 100vw, 622px\" \/>\t\t\t\t\t\t\t\t\t\t\t\t\t<\/div>\n\t\t\t\t<\/div>\n\t\t\t\t\t<\/div>\n\t\t\t\t<\/div>\n\t\t\t\t<\/div>\n\t\t<div class=\"gsp_post_data\" data-post_type=\"post\" data-cat=\"\" data-modified=\"120\" data-title=\"LA IGLESIA DA LA BIENVENIDA A LE\u00d3N XIV:\" data-home=\"http:\/\/conapdis.gob.ve\/wordpress\"><\/div>","protected":false},"excerpt":{"rendered":"<p>El Cardenal Robert Prevost es elegido Sumo Pont\u00edfice El Vaticano ha anunciado oficialmente la elecci\u00f3n del nuevo Sumo Pont\u00edfice de [&hellip;]<\/p>\n","protected":false},"author":2,"featured_media":3635,"comment_status":"closed","ping_status":"open","sticky":false,"template":"","format":"standard","meta":{"site-sidebar-layout":"default","site-content-layout":"","ast-site-content-layout":"","site-content-style":"default","site-sidebar-style":"default","ast-global-header-display":"","ast-banner-title-visibility":"","ast-main-header-display":"","ast-hfb-above-header-display":"","ast-hfb-below-header-display":"","ast-hfb-mobile-header-display":"","site-post-title":"","ast-breadcrumbs-content":"","ast-featured-img":"","footer-sml-layout":"","theme-transparent-header-meta":"","adv-header-id-meta":"","stick-header-meta":"","header-above-stick-meta":"","header-main-stick-meta":"","header-below-stick-meta":"","astra-migrate-meta-layouts":"default","ast-page-background-enabled":"default","ast-page-background-meta":{"desktop":{"background-color":"var(--ast-global-color-4)","background-image":"","background-repeat":"repeat","background-position":"center center","background-size":"auto","background-attachment":"scroll","background-type":"","background-media":"","overlay-type":"","overlay-color":"","overlay-opacity":"","overlay-gradient":""},"tablet":{"background-color":"","background-image":"","background-repeat":"repeat","background-position":"center center","background-size":"auto","background-attachment":"scroll","background-type":"","background-media":"","overlay-type":"","overlay-color":"","overlay-opacity":"","overlay-gradient":""},"mobile":{"background-color":"","background-image":"","background-repeat":"repeat","background-position":"center center","background-size":"auto","background-attachment":"scroll","background-type":"","background-media":"","overlay-type":"","overlay-color":"","overlay-opacity":"","overlay-gradient":""}},"ast-content-background-meta":{"desktop":{"background-color":"var(--ast-global-color-5)","background-image":"","background-repeat":"repeat","background-position":"center center","background-size":"auto","background-attachment":"scroll","background-type":"","background-media":"","overlay-type":"","overlay-color":"","overlay-opacity":"","overlay-gradient":""},"tablet":{"background-color":"var(--ast-global-color-5)","background-image":"","background-repeat":"repeat","background-position":"center center","background-size":"auto","background-attachment":"scroll","background-type":"","background-media":"","overlay-type":"","overlay-color":"","overlay-opacity":"","overlay-gradient":""},"mobile":{"background-color":"var(--ast-global-color-5)","background-image":"","background-repeat":"repeat","background-position":"center center","background-size":"auto","background-attachment":"scroll","background-type":"","background-media":"","overlay-type":"","overlay-color":"","overlay-opacity":"","overlay-gradient":""}},"footnotes":""},"categories":[],"tags":[],"class_list":["post-3629","post","type-post","status-publish","format-standard","has-post-thumbnail","hentry"],"_links":{"self":[{"href":"http:\/\/conapdis.gob.ve\/wordpress\/wp-json\/wp\/v2\/posts\/3629"}],"collection":[{"href":"http:\/\/conapdis.gob.ve\/wordpress\/wp-json\/wp\/v2\/posts"}],"about":[{"href":"http:\/\/conapdis.gob.ve\/wordpress\/wp-json\/wp\/v2\/types\/post"}],"author":[{"embeddable":true,"href":"http:\/\/conapdis.gob.ve\/wordpress\/wp-json\/wp\/v2\/users\/2"}],"replies":[{"embeddable":true,"href":"http:\/\/conapdis.gob.ve\/wordpress\/wp-json\/wp\/v2\/comments?post=3629"}],"version-history":[{"count":10,"href":"http:\/\/conapdis.gob.ve\/wordpress\/wp-json\/wp\/v2\/posts\/3629\/revisions"}],"predecessor-version":[{"id":3645,"href":"http:\/\/conapdis.gob.ve\/wordpress\/wp-json\/wp\/v2\/posts\/3629\/revisions\/3645"}],"wp:featuredmedia":[{"embeddable":true,"href":"http:\/\/conapdis.gob.ve\/wordpress\/wp-json\/wp\/v2\/media\/3635"}],"wp:attachment":[{"href":"http:\/\/conapdis.gob.ve\/wordpress\/wp-json\/wp\/v2\/media?parent=3629"}],"wp:term":[{"taxonomy":"category","embeddable":true,"href":"http:\/\/conapdis.gob.ve\/wordpress\/wp-json\/wp\/v2\/categories?post=3629"},{"taxonomy":"post_tag","embeddable":true,"href":"http:\/\/conapdis.gob.ve\/wordpress\/wp-json\/wp\/v2\/tags?post=3629"}],"curies":[{"name":"wp","href":"https:\/\/api.w.org\/{rel}","templated":true}]}}