{"id":3334,"date":"2025-03-27T15:58:06","date_gmt":"2025-03-27T19:58:06","guid":{"rendered":"http:\/\/conapdis.gob.ve\/wordpress\/?p=3334"},"modified":"2025-03-28T11:06:42","modified_gmt":"2025-03-28T15:06:42","slug":"capacitan-a-servidores-publicos-en-la-clasificacion-y-calificacion-de-la-discapacidad","status":"publish","type":"post","link":"http:\/\/conapdis.gob.ve\/wordpress\/capacitan-a-servidores-publicos-en-la-clasificacion-y-calificacion-de-la-discapacidad\/","title":{"rendered":"CAPACITAN A SERVIDORES P\u00daBLICOS EN LA CLASIFICACI\u00d3N Y CALIFICACI\u00d3N DE LA DISCAPACIDAD"},"content":{"rendered":"\t\t<div data-elementor-type=\"wp-post\" data-elementor-id=\"3334\" class=\"elementor elementor-3334\" data-elementor-post-type=\"post\">\n\t\t\t\t<div class=\"elementor-element elementor-element-3bf135a e-flex e-con-boxed e-con e-parent\" data-id=\"3bf135a\" data-element_type=\"container\">\n\t\t\t\t\t<div class=\"e-con-inner\">\n\t\t\t\t<div class=\"elementor-element elementor-element-e9006aa elementor-widget elementor-widget-text-editor\" data-id=\"e9006aa\" data-element_type=\"widget\" data-widget_type=\"text-editor.default\">\n\t\t\t\t<div class=\"elementor-widget-container\">\n\t\t\t<style>\/*! elementor - v3.22.0 - 26-06-2024 *\/\n.elementor-widget-text-editor.elementor-drop-cap-view-stacked .elementor-drop-cap{background-color:#69727d;color:#fff}.elementor-widget-text-editor.elementor-drop-cap-view-framed .elementor-drop-cap{color:#69727d;border:3px solid;background-color:transparent}.elementor-widget-text-editor:not(.elementor-drop-cap-view-default) .elementor-drop-cap{margin-top:8px}.elementor-widget-text-editor:not(.elementor-drop-cap-view-default) .elementor-drop-cap-letter{width:1em;height:1em}.elementor-widget-text-editor .elementor-drop-cap{float:left;text-align:center;line-height:1;font-size:50px}.elementor-widget-text-editor .elementor-drop-cap-letter{display:inline-block}<\/style>\t\t\t\t<p>Caracas \u2013 Con el objetivo de fortalecer las competencias t\u00e9cnicas en materia de inclusi\u00f3n, la Direcci\u00f3n General Integral de Salud para las Personas con Discapacidad (DGISPcD) del Ministerio del Poder Popular para la Salud (MPPS), imparti\u00f3 un taller dirigido a funcionarios p\u00fablicos del Consejo Nacional para las Personas con Discapacidad (CONAPDIS), la Fundaci\u00f3n Misi\u00f3n Jos\u00e9 Gregorio Hern\u00e1ndez como a trabajadores de esta direcci\u00f3n en salud sobre los protocolos de clasificaci\u00f3n y calificaci\u00f3n de discapacidad.<\/p>\n<p>El taller, realizado en la sede del MPPS, cont\u00f3 con la participaci\u00f3n de equipos t\u00e9cnicos de certificadores y promotores de CONAPDIS, quienes abordaron criterios m\u00e9dicos y sociales para la evaluaci\u00f3n de discapacidades. Actualizaciones normativas en el marco de la Ley Org\u00e1nica para la Inclusi\u00f3n Igualdad y Desarrollo Integral de las Personas con Discapacidad, as\u00ed como herramientas pr\u00e1cticas para garantizar tr\u00e1mites \u00e1giles y derechos plenos.<\/p>\n<p>La actividad destac\u00f3 por su enfoque intersectorial, integrando perspectivas de salud, derechos humanos y gesti\u00f3n p\u00fablica. Representantes de la Fundaci\u00f3n Misi\u00f3n Jos\u00e9 Gregorio Hern\u00e1ndez enfatizaron la importancia de uniformizar los procesos en todo el territorio nacional, mientras que CONAPDIS reiter\u00f3 su labor en la sensibilizaci\u00f3n y eliminaci\u00f3n de barreras burocr\u00e1ticas.&nbsp;<\/p>\n<p>El MPPS anunci\u00f3 que este taller ser\u00e1 el primero de un ciclo dirigido a servidores p\u00fablicos de salud, educaci\u00f3n y \u00e1reas sociales, alineado con los planes del Gobierno Bolivariano y del presidente Nicol\u00e1s Maduro Moros en materia de inclusi\u00f3n.&nbsp;<\/p>\t\t\t\t\t\t<\/div>\n\t\t\t\t<\/div>\n\t\t\t\t\t<\/div>\n\t\t\t\t<\/div>\n\t\t<div class=\"elementor-element elementor-element-c29a0f0 e-flex e-con-boxed e-con e-parent\" data-id=\"c29a0f0\" data-element_type=\"container\">\n\t\t\t\t\t<div class=\"e-con-inner\">\n\t\t\t\t<div class=\"elementor-element elementor-element-2e0a777 elementor-widget elementor-widget-image\" data-id=\"2e0a777\" data-element_type=\"widget\" data-widget_type=\"image.default\">\n\t\t\t\t<div class=\"elementor-widget-container\">\n\t\t\t<style>\/*! elementor - v3.22.0 - 26-06-2024 *\/\n.elementor-widget-image{text-align:center}.elementor-widget-image a{display:inline-block}.elementor-widget-image a img[src$=\".svg\"]{width:48px}.elementor-widget-image img{vertical-align:middle;display:inline-block}<\/style>\t\t\t\t\t\t\t\t\t\t<img fetchpriority=\"high\" decoding=\"async\" width=\"1024\" height=\"768\" src=\"http:\/\/conapdis.gob.ve\/wordpress\/wp-content\/uploads\/2025\/03\/photo_2025-03-27_09-56-22-1024x768.jpg\" class=\"attachment-large size-large wp-image-3336\" alt=\"\" srcset=\"http:\/\/conapdis.gob.ve\/wordpress\/wp-content\/uploads\/2025\/03\/photo_2025-03-27_09-56-22-1024x768.jpg 1024w, http:\/\/conapdis.gob.ve\/wordpress\/wp-content\/uploads\/2025\/03\/photo_2025-03-27_09-56-22-300x225.jpg 300w, http:\/\/conapdis.gob.ve\/wordpress\/wp-content\/uploads\/2025\/03\/photo_2025-03-27_09-56-22-768x576.jpg 768w, http:\/\/conapdis.gob.ve\/wordpress\/wp-content\/uploads\/2025\/03\/photo_2025-03-27_09-56-22.jpg 1280w\" sizes=\"(max-width: 1024px) 100vw, 1024px\" \/>\t\t\t\t\t\t\t\t\t\t\t\t\t<\/div>\n\t\t\t\t<\/div>\n\t\t\t\t\t<\/div>\n\t\t\t\t<\/div>\n\t\t<div class=\"elementor-element elementor-element-6291a69 e-flex e-con-boxed e-con e-parent\" data-id=\"6291a69\" data-element_type=\"container\">\n\t\t\t\t\t<div class=\"e-con-inner\">\n\t\t\t\t<div class=\"elementor-element elementor-element-323f459 elementor-widget elementor-widget-image\" data-id=\"323f459\" data-element_type=\"widget\" data-widget_type=\"image.default\">\n\t\t\t\t<div class=\"elementor-widget-container\">\n\t\t\t\t\t\t\t\t\t\t\t\t\t<img decoding=\"async\" width=\"1024\" height=\"768\" src=\"http:\/\/conapdis.gob.ve\/wordpress\/wp-content\/uploads\/2025\/03\/photo_2025-03-27_09-56-17-1024x768.jpg\" class=\"attachment-large size-large wp-image-3337\" alt=\"\" srcset=\"http:\/\/conapdis.gob.ve\/wordpress\/wp-content\/uploads\/2025\/03\/photo_2025-03-27_09-56-17-1024x768.jpg 1024w, http:\/\/conapdis.gob.ve\/wordpress\/wp-content\/uploads\/2025\/03\/photo_2025-03-27_09-56-17-300x225.jpg 300w, http:\/\/conapdis.gob.ve\/wordpress\/wp-content\/uploads\/2025\/03\/photo_2025-03-27_09-56-17-768x576.jpg 768w, http:\/\/conapdis.gob.ve\/wordpress\/wp-content\/uploads\/2025\/03\/photo_2025-03-27_09-56-17.jpg 1280w\" sizes=\"(max-width: 1024px) 100vw, 1024px\" \/>\t\t\t\t\t\t\t\t\t\t\t\t\t<\/div>\n\t\t\t\t<\/div>\n\t\t\t\t\t<\/div>\n\t\t\t\t<\/div>\n\t\t<div class=\"elementor-element elementor-element-8d17f9d e-flex e-con-boxed e-con e-parent\" data-id=\"8d17f9d\" data-element_type=\"container\">\n\t\t\t\t\t<div class=\"e-con-inner\">\n\t\t\t\t<div class=\"elementor-element elementor-element-93dd663 elementor-widget elementor-widget-image\" data-id=\"93dd663\" data-element_type=\"widget\" data-widget_type=\"image.default\">\n\t\t\t\t<div class=\"elementor-widget-container\">\n\t\t\t\t\t\t\t\t\t\t\t\t\t<img decoding=\"async\" width=\"1024\" height=\"768\" src=\"http:\/\/conapdis.gob.ve\/wordpress\/wp-content\/uploads\/2025\/03\/photo_2025-03-27_09-56-13-1024x768.jpg\" class=\"attachment-large size-large wp-image-3338\" alt=\"\" srcset=\"http:\/\/conapdis.gob.ve\/wordpress\/wp-content\/uploads\/2025\/03\/photo_2025-03-27_09-56-13-1024x768.jpg 1024w, http:\/\/conapdis.gob.ve\/wordpress\/wp-content\/uploads\/2025\/03\/photo_2025-03-27_09-56-13-300x225.jpg 300w, http:\/\/conapdis.gob.ve\/wordpress\/wp-content\/uploads\/2025\/03\/photo_2025-03-27_09-56-13-768x576.jpg 768w, http:\/\/conapdis.gob.ve\/wordpress\/wp-content\/uploads\/2025\/03\/photo_2025-03-27_09-56-13.jpg 1280w\" sizes=\"(max-width: 1024px) 100vw, 1024px\" \/>\t\t\t\t\t\t\t\t\t\t\t\t\t<\/div>\n\t\t\t\t<\/div>\n\t\t\t\t\t<\/div>\n\t\t\t\t<\/div>\n\t\t\t\t<\/div>\n\t\t<div class=\"gsp_post_data\" data-post_type=\"post\" data-cat=\"\" data-modified=\"120\" data-title=\"CAPACITAN A SERVIDORES P\u00daBLICOS EN LA CLASIFICACI\u00d3N Y CALIFICACI\u00d3N DE LA DISCAPACIDAD\" data-home=\"http:\/\/conapdis.gob.ve\/wordpress\"><\/div>","protected":false},"excerpt":{"rendered":"<p>Caracas \u2013 Con el objetivo de fortalecer las competencias t\u00e9cnicas en materia de inclusi\u00f3n, la Direcci\u00f3n General Integral de Salud [&hellip;]<\/p>\n","protected":false},"author":2,"featured_media":3336,"comment_status":"closed","ping_status":"open","sticky":false,"template":"","format":"standard","meta":{"site-sidebar-layout":"default","site-content-layout":"","ast-site-content-layout":"","site-content-style":"default","site-sidebar-style":"default","ast-global-header-display":"","ast-banner-title-visibility":"","ast-main-header-display":"","ast-hfb-above-header-display":"","ast-hfb-below-header-display":"","ast-hfb-mobile-header-display":"","site-post-title":"","ast-breadcrumbs-content":"","ast-featured-img":"","footer-sml-layout":"","theme-transparent-header-meta":"","adv-header-id-meta":"","stick-header-meta":"","header-above-stick-meta":"","header-main-stick-meta":"","header-below-stick-meta":"","astra-migrate-meta-layouts":"default","ast-page-background-enabled":"default","ast-page-background-meta":{"desktop":{"background-color":"var(--ast-global-color-4)","background-image":"","background-repeat":"repeat","background-position":"center center","background-size":"auto","background-attachment":"scroll","background-type":"","background-media":"","overlay-type":"","overlay-color":"","overlay-opacity":"","overlay-gradient":""},"tablet":{"background-color":"","background-image":"","background-repeat":"repeat","background-position":"center center","background-size":"auto","background-attachment":"scroll","background-type":"","background-media":"","overlay-type":"","overlay-color":"","overlay-opacity":"","overlay-gradient":""},"mobile":{"background-color":"","background-image":"","background-repeat":"repeat","background-position":"center center","background-size":"auto","background-attachment":"scroll","background-type":"","background-media":"","overlay-type":"","overlay-color":"","overlay-opacity":"","overlay-gradient":""}},"ast-content-background-meta":{"desktop":{"background-color":"var(--ast-global-color-5)","background-image":"","background-repeat":"repeat","background-position":"center center","background-size":"auto","background-attachment":"scroll","background-type":"","background-media":"","overlay-type":"","overlay-color":"","overlay-opacity":"","overlay-gradient":""},"tablet":{"background-color":"var(--ast-global-color-5)","background-image":"","background-repeat":"repeat","background-position":"center center","background-size":"auto","background-attachment":"scroll","background-type":"","background-media":"","overlay-type":"","overlay-color":"","overlay-opacity":"","overlay-gradient":""},"mobile":{"background-color":"var(--ast-global-color-5)","background-image":"","background-repeat":"repeat","background-position":"center center","background-size":"auto","background-attachment":"scroll","background-type":"","background-media":"","overlay-type":"","overlay-color":"","overlay-opacity":"","overlay-gradient":""}},"footnotes":""},"categories":[],"tags":[],"class_list":["post-3334","post","type-post","status-publish","format-standard","has-post-thumbnail","hentry"],"_links":{"self":[{"href":"http:\/\/conapdis.gob.ve\/wordpress\/wp-json\/wp\/v2\/posts\/3334"}],"collection":[{"href":"http:\/\/conapdis.gob.ve\/wordpress\/wp-json\/wp\/v2\/posts"}],"about":[{"href":"http:\/\/conapdis.gob.ve\/wordpress\/wp-json\/wp\/v2\/types\/post"}],"author":[{"embeddable":true,"href":"http:\/\/conapdis.gob.ve\/wordpress\/wp-json\/wp\/v2\/users\/2"}],"replies":[{"embeddable":true,"href":"http:\/\/conapdis.gob.ve\/wordpress\/wp-json\/wp\/v2\/comments?post=3334"}],"version-history":[{"count":11,"href":"http:\/\/conapdis.gob.ve\/wordpress\/wp-json\/wp\/v2\/posts\/3334\/revisions"}],"predecessor-version":[{"id":3353,"href":"http:\/\/conapdis.gob.ve\/wordpress\/wp-json\/wp\/v2\/posts\/3334\/revisions\/3353"}],"wp:featuredmedia":[{"embeddable":true,"href":"http:\/\/conapdis.gob.ve\/wordpress\/wp-json\/wp\/v2\/media\/3336"}],"wp:attachment":[{"href":"http:\/\/conapdis.gob.ve\/wordpress\/wp-json\/wp\/v2\/media?parent=3334"}],"wp:term":[{"taxonomy":"category","embeddable":true,"href":"http:\/\/conapdis.gob.ve\/wordpress\/wp-json\/wp\/v2\/categories?post=3334"},{"taxonomy":"post_tag","embeddable":true,"href":"http:\/\/conapdis.gob.ve\/wordpress\/wp-json\/wp\/v2\/tags?post=3334"}],"curies":[{"name":"wp","href":"https:\/\/api.w.org\/{rel}","templated":true}]}}