{"id":3149,"date":"2025-03-13T16:14:26","date_gmt":"2025-03-13T20:14:26","guid":{"rendered":"http:\/\/conapdis.gob.ve\/wordpress\/?p=3149"},"modified":"2025-03-13T17:17:54","modified_gmt":"2025-03-13T21:17:54","slug":"conapdis-impulsan-difusion-de-la-ley-de-inclusion-en-carabobo","status":"publish","type":"post","link":"http:\/\/conapdis.gob.ve\/wordpress\/conapdis-impulsan-difusion-de-la-ley-de-inclusion-en-carabobo\/","title":{"rendered":"CONAPDIS IMPULSAN DIFUSI\u00d3N DE LA LEY DE INCLUSI\u00d3N EN CARABOBO"},"content":{"rendered":"\t\t<div data-elementor-type=\"wp-post\" data-elementor-id=\"3149\" class=\"elementor elementor-3149\" data-elementor-post-type=\"post\">\n\t\t\t\t<div class=\"elementor-element elementor-element-4609db4 e-flex e-con-boxed e-con e-parent\" data-id=\"4609db4\" data-element_type=\"container\">\n\t\t\t\t\t<div class=\"e-con-inner\">\n\t\t\t\t<div class=\"elementor-element elementor-element-6620008 elementor-widget elementor-widget-text-editor\" data-id=\"6620008\" data-element_type=\"widget\" data-widget_type=\"text-editor.default\">\n\t\t\t\t<div class=\"elementor-widget-container\">\n\t\t\t<style>\/*! elementor - v3.22.0 - 26-06-2024 *\/\n.elementor-widget-text-editor.elementor-drop-cap-view-stacked .elementor-drop-cap{background-color:#69727d;color:#fff}.elementor-widget-text-editor.elementor-drop-cap-view-framed .elementor-drop-cap{color:#69727d;border:3px solid;background-color:transparent}.elementor-widget-text-editor:not(.elementor-drop-cap-view-default) .elementor-drop-cap{margin-top:8px}.elementor-widget-text-editor:not(.elementor-drop-cap-view-default) .elementor-drop-cap-letter{width:1em;height:1em}.elementor-widget-text-editor .elementor-drop-cap{float:left;text-align:center;line-height:1;font-size:50px}.elementor-widget-text-editor .elementor-drop-cap-letter{display:inline-block}<\/style>\t\t\t\t<p style=\"text-align: justify;\"><strong><span style=\"font-family: 'Arial',sans-serif;\">Carabobo\u00a0<\/span><\/strong><span style=\"font-family: 'Arial',sans-serif;\">\u2013 Soraida Ram\u00edrez Osorio, presidenta del Consejo Nacional para las Personas con Discapacidad (CONAPDIS) y de la Fundaci\u00f3n Misi\u00f3n Jos\u00e9 Gregorio Hern\u00e1ndez, lider\u00f3 la presentaci\u00f3n del plan de difusi\u00f3n de la Ley Org\u00e1nica para la Inclusi\u00f3n, Igualdad y Desarrollo Integral de las Personas con Discapacidad, dirigido al personal del Centro de Atenci\u00f3n Integral para Ni\u00f1as y Ni\u00f1os con Discapacidad \u00abCarabobo te Quiero\u00bb.<\/span><\/p><p style=\"text-align: justify;\" data-sourcepos=\"5:1-5:286\"><span style=\"font-family: 'Arial',sans-serif;\">El objetivo principal de este plan es garantizar que el personal del centro est\u00e9 plenamente informado sobre los derechos y deberes establecidos en la ley, as\u00ed como sobre las herramientas y estrategias para promover la inclusi\u00f3n y el desarrollo integral de las personas con discapacidad.<\/span><\/p><p style=\"text-align: justify;\" data-sourcepos=\"7:1-7:389\"><span style=\"font-family: 'Arial',sans-serif;\">Durante la jornada, Ram\u00edrez Osorio comparti\u00f3 informaci\u00f3n detallada sobre los principales aspectos de la ley, destacando la importancia de su aplicaci\u00f3n en el \u00e1mbito de la atenci\u00f3n a la infancia con discapacidad.\u00a0<\/span><span style=\"font-family: Arial, sans-serif; font-style: inherit; font-weight: inherit; color: var( --e-global-color-text ); background-color: var(--ast-global-color-5);\">\u00abEs fundamental que todos los que trabajamos en la atenci\u00f3n a las personas con discapacidad conozcamos a fondo la Ley. No basta con conocerla superficialmente, debemos comprenderla en su totalidad, desde sus principios fundamentales hasta sus art\u00edculos m\u00e1s espec\u00edficos. Debemos entender c\u00f3mo se aplica en cada situaci\u00f3n, c\u00f3mo nos gu\u00eda en nuestro trabajo diario y c\u00f3mo nos permite defender los derechos de las personas con discapacidad.<\/span><\/p><p style=\"text-align: justify;\"><span style=\"font-family: 'Arial',sans-serif;\">Debemos ser agentes de cambio, promotores de la inclusi\u00f3n y defensores de los derechos de las cada una de las personas con alguna condici\u00f3n de vida. Solo as\u00ed podremos construir una sociedad m\u00e1s inclusiva, donde todas las personas, independientemente de sus capacidades, tengan las mismas oportunidades de vivir en plenitud. Solo as\u00ed podremos honrar el legado de San Jos\u00e9 Gregorio Hern\u00e1ndez, quien dedic\u00f3 su vida a servir a los m\u00e1s necesitados.\u00bb Acoto Ram\u00edrez Osorio.<\/span><\/p><p style=\"text-align: justify;\"><span style=\"font-family: 'Arial',sans-serif;\">La presidenta del CONAPDIS y de la Fundaci\u00f3n Misi\u00f3n Jos\u00e9 Gregorio Hern\u00e1ndez destac\u00f3 el compromiso del Gobierno Bolivariano de fortalecer la inclusi\u00f3n y el desarrollo integral de las personas con discapacidad, y resalt\u00f3 la importancia de la participaci\u00f3n de todos los sectores de la sociedad en este proceso.\u00a0<\/span><span style=\"font-family: Arial, sans-serif; font-style: inherit; font-weight: inherit; color: var( --e-global-color-text ); background-color: var(--ast-global-color-5);\">Se espera que este plan de difusi\u00f3n contribuya a sensibilizar a la poblaci\u00f3n sobre los derechos de las personas con discapacidad y a promover una cultura de inclusi\u00f3n en el estado Carabobo.<\/span><\/p><p style=\"text-align: justify;\"><span style=\"font-family: 'Arial',sans-serif;\">Con un compromiso que perdura, el Gobierno Bolivariano, liderado por Nicol\u00e1s Maduro, el CONAPDIS y la Fundaci\u00f3n Misi\u00f3n Jos\u00e9 Gregorio Hern\u00e1ndez, contin\u00faan promoviendo y defendiendo los derechos fundamentales de las personas con discapacidad.<\/span><\/p>\t\t\t\t\t\t<\/div>\n\t\t\t\t<\/div>\n\t\t\t\t\t<\/div>\n\t\t\t\t<\/div>\n\t\t<div class=\"elementor-element elementor-element-bbaeef1 e-flex e-con-boxed e-con e-parent\" data-id=\"bbaeef1\" data-element_type=\"container\">\n\t\t\t\t\t<div class=\"e-con-inner\">\n\t\t\t\t<div class=\"elementor-element elementor-element-fc8ce95 elementor-widget elementor-widget-image\" data-id=\"fc8ce95\" data-element_type=\"widget\" data-widget_type=\"image.default\">\n\t\t\t\t<div class=\"elementor-widget-container\">\n\t\t\t<style>\/*! elementor - v3.22.0 - 26-06-2024 *\/\n.elementor-widget-image{text-align:center}.elementor-widget-image a{display:inline-block}.elementor-widget-image a img[src$=\".svg\"]{width:48px}.elementor-widget-image img{vertical-align:middle;display:inline-block}<\/style>\t\t\t\t\t\t\t\t\t\t<img fetchpriority=\"high\" decoding=\"async\" width=\"1024\" height=\"698\" src=\"http:\/\/conapdis.gob.ve\/wordpress\/wp-content\/uploads\/2025\/03\/photo_2025-03-13_15-53-04-1024x698.jpg\" class=\"attachment-large size-large wp-image-3157\" alt=\"\" srcset=\"http:\/\/conapdis.gob.ve\/wordpress\/wp-content\/uploads\/2025\/03\/photo_2025-03-13_15-53-04-1024x698.jpg 1024w, http:\/\/conapdis.gob.ve\/wordpress\/wp-content\/uploads\/2025\/03\/photo_2025-03-13_15-53-04-300x204.jpg 300w, http:\/\/conapdis.gob.ve\/wordpress\/wp-content\/uploads\/2025\/03\/photo_2025-03-13_15-53-04-768x523.jpg 768w, http:\/\/conapdis.gob.ve\/wordpress\/wp-content\/uploads\/2025\/03\/photo_2025-03-13_15-53-04.jpg 1280w\" sizes=\"(max-width: 1024px) 100vw, 1024px\" \/>\t\t\t\t\t\t\t\t\t\t\t\t\t<\/div>\n\t\t\t\t<\/div>\n\t\t\t\t\t<\/div>\n\t\t\t\t<\/div>\n\t\t<div class=\"elementor-element elementor-element-f7471d7 e-flex e-con-boxed e-con e-parent\" data-id=\"f7471d7\" data-element_type=\"container\">\n\t\t\t\t\t<div class=\"e-con-inner\">\n\t\t\t\t<div class=\"elementor-element elementor-element-e5bc5fd elementor-widget elementor-widget-image\" data-id=\"e5bc5fd\" data-element_type=\"widget\" data-widget_type=\"image.default\">\n\t\t\t\t<div class=\"elementor-widget-container\">\n\t\t\t\t\t\t\t\t\t\t\t\t\t<img decoding=\"async\" width=\"1024\" height=\"768\" src=\"http:\/\/conapdis.gob.ve\/wordpress\/wp-content\/uploads\/2025\/03\/photo_2025-03-13_16-43-50-1024x768.jpg\" class=\"attachment-large size-large wp-image-3162\" alt=\"\" srcset=\"http:\/\/conapdis.gob.ve\/wordpress\/wp-content\/uploads\/2025\/03\/photo_2025-03-13_16-43-50-1024x768.jpg 1024w, http:\/\/conapdis.gob.ve\/wordpress\/wp-content\/uploads\/2025\/03\/photo_2025-03-13_16-43-50-300x225.jpg 300w, http:\/\/conapdis.gob.ve\/wordpress\/wp-content\/uploads\/2025\/03\/photo_2025-03-13_16-43-50-768x576.jpg 768w, http:\/\/conapdis.gob.ve\/wordpress\/wp-content\/uploads\/2025\/03\/photo_2025-03-13_16-43-50.jpg 1280w\" sizes=\"(max-width: 1024px) 100vw, 1024px\" \/>\t\t\t\t\t\t\t\t\t\t\t\t\t<\/div>\n\t\t\t\t<\/div>\n\t\t\t\t\t<\/div>\n\t\t\t\t<\/div>\n\t\t\t\t<\/div>\n\t\t<div class=\"gsp_post_data\" data-post_type=\"post\" data-cat=\"\" data-modified=\"120\" data-title=\"CONAPDIS IMPULSAN DIFUSI\u00d3N DE LA LEY DE INCLUSI\u00d3N EN CARABOBO\" data-home=\"http:\/\/conapdis.gob.ve\/wordpress\"><\/div>","protected":false},"excerpt":{"rendered":"<p>Carabobo\u00a0\u2013 Soraida Ram\u00edrez Osorio, presidenta del Consejo Nacional para las Personas con Discapacidad (CONAPDIS) y de la Fundaci\u00f3n Misi\u00f3n Jos\u00e9 [&hellip;]<\/p>\n","protected":false},"author":2,"featured_media":3161,"comment_status":"closed","ping_status":"open","sticky":false,"template":"","format":"standard","meta":{"site-sidebar-layout":"default","site-content-layout":"","ast-site-content-layout":"","site-content-style":"default","site-sidebar-style":"default","ast-global-header-display":"","ast-banner-title-visibility":"","ast-main-header-display":"","ast-hfb-above-header-display":"","ast-hfb-below-header-display":"","ast-hfb-mobile-header-display":"","site-post-title":"","ast-breadcrumbs-content":"","ast-featured-img":"","footer-sml-layout":"","theme-transparent-header-meta":"","adv-header-id-meta":"","stick-header-meta":"","header-above-stick-meta":"","header-main-stick-meta":"","header-below-stick-meta":"","astra-migrate-meta-layouts":"default","ast-page-background-enabled":"default","ast-page-background-meta":{"desktop":{"background-color":"var(--ast-global-color-4)","background-image":"","background-repeat":"repeat","background-position":"center center","background-size":"auto","background-attachment":"scroll","background-type":"","background-media":"","overlay-type":"","overlay-color":"","overlay-opacity":"","overlay-gradient":""},"tablet":{"background-color":"","background-image":"","background-repeat":"repeat","background-position":"center center","background-size":"auto","background-attachment":"scroll","background-type":"","background-media":"","overlay-type":"","overlay-color":"","overlay-opacity":"","overlay-gradient":""},"mobile":{"background-color":"","background-image":"","background-repeat":"repeat","background-position":"center center","background-size":"auto","background-attachment":"scroll","background-type":"","background-media":"","overlay-type":"","overlay-color":"","overlay-opacity":"","overlay-gradient":""}},"ast-content-background-meta":{"desktop":{"background-color":"var(--ast-global-color-5)","background-image":"","background-repeat":"repeat","background-position":"center center","background-size":"auto","background-attachment":"scroll","background-type":"","background-media":"","overlay-type":"","overlay-color":"","overlay-opacity":"","overlay-gradient":""},"tablet":{"background-color":"var(--ast-global-color-5)","background-image":"","background-repeat":"repeat","background-position":"center center","background-size":"auto","background-attachment":"scroll","background-type":"","background-media":"","overlay-type":"","overlay-color":"","overlay-opacity":"","overlay-gradient":""},"mobile":{"background-color":"var(--ast-global-color-5)","background-image":"","background-repeat":"repeat","background-position":"center center","background-size":"auto","background-attachment":"scroll","background-type":"","background-media":"","overlay-type":"","overlay-color":"","overlay-opacity":"","overlay-gradient":""}},"footnotes":""},"categories":[],"tags":[],"class_list":["post-3149","post","type-post","status-publish","format-standard","has-post-thumbnail","hentry"],"_links":{"self":[{"href":"http:\/\/conapdis.gob.ve\/wordpress\/wp-json\/wp\/v2\/posts\/3149"}],"collection":[{"href":"http:\/\/conapdis.gob.ve\/wordpress\/wp-json\/wp\/v2\/posts"}],"about":[{"href":"http:\/\/conapdis.gob.ve\/wordpress\/wp-json\/wp\/v2\/types\/post"}],"author":[{"embeddable":true,"href":"http:\/\/conapdis.gob.ve\/wordpress\/wp-json\/wp\/v2\/users\/2"}],"replies":[{"embeddable":true,"href":"http:\/\/conapdis.gob.ve\/wordpress\/wp-json\/wp\/v2\/comments?post=3149"}],"version-history":[{"count":13,"href":"http:\/\/conapdis.gob.ve\/wordpress\/wp-json\/wp\/v2\/posts\/3149\/revisions"}],"predecessor-version":[{"id":3165,"href":"http:\/\/conapdis.gob.ve\/wordpress\/wp-json\/wp\/v2\/posts\/3149\/revisions\/3165"}],"wp:featuredmedia":[{"embeddable":true,"href":"http:\/\/conapdis.gob.ve\/wordpress\/wp-json\/wp\/v2\/media\/3161"}],"wp:attachment":[{"href":"http:\/\/conapdis.gob.ve\/wordpress\/wp-json\/wp\/v2\/media?parent=3149"}],"wp:term":[{"taxonomy":"category","embeddable":true,"href":"http:\/\/conapdis.gob.ve\/wordpress\/wp-json\/wp\/v2\/categories?post=3149"},{"taxonomy":"post_tag","embeddable":true,"href":"http:\/\/conapdis.gob.ve\/wordpress\/wp-json\/wp\/v2\/tags?post=3149"}],"curies":[{"name":"wp","href":"https:\/\/api.w.org\/{rel}","templated":true}]}}