{"id":3004,"date":"2025-02-24T16:09:32","date_gmt":"2025-02-24T20:09:32","guid":{"rendered":"http:\/\/conapdis.gob.ve\/wordpress\/?p=3004"},"modified":"2025-02-24T16:14:15","modified_gmt":"2025-02-24T20:14:15","slug":"mesa-tecnica-para-la-atencion-de-ninos-ninas-y-adolescentes-con-discapacidad","status":"publish","type":"post","link":"http:\/\/conapdis.gob.ve\/wordpress\/mesa-tecnica-para-la-atencion-de-ninos-ninas-y-adolescentes-con-discapacidad\/","title":{"rendered":"MESA T\u00c9CNICA PARA LA ATENCI\u00d3N DE NI\u00d1OS, NI\u00d1AS Y ADOLESCENTES CON DISCAPACIDAD"},"content":{"rendered":"\t\t<div data-elementor-type=\"wp-post\" data-elementor-id=\"3004\" class=\"elementor elementor-3004\" data-elementor-post-type=\"post\">\n\t\t\t\t<div class=\"elementor-element elementor-element-0de2722 e-flex e-con-boxed e-con e-parent\" data-id=\"0de2722\" data-element_type=\"container\">\n\t\t\t\t\t<div class=\"e-con-inner\">\n\t\t\t\t<div class=\"elementor-element elementor-element-b9e58a2 elementor-widget elementor-widget-text-editor\" data-id=\"b9e58a2\" data-element_type=\"widget\" data-widget_type=\"text-editor.default\">\n\t\t\t\t<div class=\"elementor-widget-container\">\n\t\t\t<style>\/*! elementor - v3.22.0 - 26-06-2024 *\/\n.elementor-widget-text-editor.elementor-drop-cap-view-stacked .elementor-drop-cap{background-color:#69727d;color:#fff}.elementor-widget-text-editor.elementor-drop-cap-view-framed .elementor-drop-cap{color:#69727d;border:3px solid;background-color:transparent}.elementor-widget-text-editor:not(.elementor-drop-cap-view-default) .elementor-drop-cap{margin-top:8px}.elementor-widget-text-editor:not(.elementor-drop-cap-view-default) .elementor-drop-cap-letter{width:1em;height:1em}.elementor-widget-text-editor .elementor-drop-cap{float:left;text-align:center;line-height:1;font-size:50px}.elementor-widget-text-editor .elementor-drop-cap-letter{display:inline-block}<\/style>\t\t\t\t<p>Caracas \u2013 Soraida Ram\u00edrez Osorio, presidenta del Consejo Nacional para las Personas con Discapacidad (CONAPDIS) y de la Fundaci\u00f3n Misi\u00f3n Jos\u00e9 Gregorio Hern\u00e1ndez, encabez\u00f3 una mesa t\u00e9cnica dedicada al Plan de Actividades 2025. Este importante encuentro reuni\u00f3 a diversas instituciones p\u00fablicas, privadas y mixtas que se enfocan en la atenci\u00f3n de ni\u00f1os, ni\u00f1as y adolescentes con discapacidad en el pa\u00eds.<\/p><p>La reuni\u00f3n tuvo lugar en la sala de reuniones de la Vicepresidencia Social (VPS), en la sede del Ministerio del Poder Popular para las Comunas y los Movimientos Sociales en Caracas. Durante el evento, Ram\u00edrez enfatiz\u00f3 la relevancia de implementar la Ley Org\u00e1nica para la Inclusi\u00f3n, Igualdad y Desarrollo Integral de las Personas con Discapacidad, destacando que esta legislaci\u00f3n es fundamental para promover un entorno m\u00e1s accesible para todas y todos.<\/p><p>\u00abEs vital que todas las instituciones trabajemos en conjunto para garantizar que los derechos de los ni\u00f1os y adolescentes con discapacidad sean promovidos\u00bb, expres\u00f3 Ram\u00edrez. La presidenta subray\u00f3 la necesidad de crear un plan integral que aborde las diversas necesidades de esta poblaci\u00f3n, asegurando que se cuente con los recursos y el apoyo necesarios para su desarrollo integral.<\/p><p>Los participantes compartieron experiencias y discutieron estrategias para mejorar la atenci\u00f3n y los servicios disponibles, as\u00ed como para fortalecer la formaci\u00f3n del personal involucrado en este \u00e1mbito. Asimismo, se comprometieron a trabajar de manera coordinada para asegurar que las pol\u00edticas p\u00fablicas reflejen las necesidades y derechos de los ni\u00f1os y adolescentes con discapacidad.<\/p><p>Este encuentro representa un paso significativo hacia la construcci\u00f3n de un futuro m\u00e1s inclusivo, donde se reconozcan y respeten los derechos de todas las personas, sin importar su condici\u00f3n. La colaboraci\u00f3n entre diferentes sectores es lograr avances sustanciales en la atenci\u00f3n a esta poblaci\u00f3n.<\/p>\t\t\t\t\t\t<\/div>\n\t\t\t\t<\/div>\n\t\t\t\t\t<\/div>\n\t\t\t\t<\/div>\n\t\t<div class=\"elementor-element elementor-element-25d1993 e-flex e-con-boxed e-con e-parent\" data-id=\"25d1993\" data-element_type=\"container\">\n\t\t\t\t\t<div class=\"e-con-inner\">\n\t\t\t\t<div class=\"elementor-element elementor-element-23ada95 elementor-widget elementor-widget-image\" data-id=\"23ada95\" data-element_type=\"widget\" data-widget_type=\"image.default\">\n\t\t\t\t<div class=\"elementor-widget-container\">\n\t\t\t<style>\/*! elementor - v3.22.0 - 26-06-2024 *\/\n.elementor-widget-image{text-align:center}.elementor-widget-image a{display:inline-block}.elementor-widget-image a img[src$=\".svg\"]{width:48px}.elementor-widget-image img{vertical-align:middle;display:inline-block}<\/style>\t\t\t\t\t\t\t\t\t\t<img fetchpriority=\"high\" decoding=\"async\" width=\"1024\" height=\"594\" src=\"http:\/\/conapdis.gob.ve\/wordpress\/wp-content\/uploads\/2025\/02\/9d4d3876-369e-4baa-9cfa-aadf3c0d386a-1024x594.jpg\" class=\"attachment-large size-large wp-image-3007\" alt=\"\" srcset=\"http:\/\/conapdis.gob.ve\/wordpress\/wp-content\/uploads\/2025\/02\/9d4d3876-369e-4baa-9cfa-aadf3c0d386a-1024x594.jpg 1024w, http:\/\/conapdis.gob.ve\/wordpress\/wp-content\/uploads\/2025\/02\/9d4d3876-369e-4baa-9cfa-aadf3c0d386a-300x174.jpg 300w, http:\/\/conapdis.gob.ve\/wordpress\/wp-content\/uploads\/2025\/02\/9d4d3876-369e-4baa-9cfa-aadf3c0d386a-768x446.jpg 768w, http:\/\/conapdis.gob.ve\/wordpress\/wp-content\/uploads\/2025\/02\/9d4d3876-369e-4baa-9cfa-aadf3c0d386a.jpg 1080w\" sizes=\"(max-width: 1024px) 100vw, 1024px\" \/>\t\t\t\t\t\t\t\t\t\t\t\t\t<\/div>\n\t\t\t\t<\/div>\n\t\t\t\t\t<\/div>\n\t\t\t\t<\/div>\n\t\t\t\t<\/div>\n\t\t<div class=\"gsp_post_data\" data-post_type=\"post\" data-cat=\"\" data-modified=\"120\" data-title=\"MESA T\u00c9CNICA PARA LA ATENCI\u00d3N DE NI\u00d1OS, NI\u00d1AS Y ADOLESCENTES CON DISCAPACIDAD\" data-home=\"http:\/\/conapdis.gob.ve\/wordpress\"><\/div>","protected":false},"excerpt":{"rendered":"<p>Caracas \u2013 Soraida Ram\u00edrez Osorio, presidenta del Consejo Nacional para las Personas con Discapacidad (CONAPDIS) y de la Fundaci\u00f3n Misi\u00f3n [&hellip;]<\/p>\n","protected":false},"author":2,"featured_media":3006,"comment_status":"closed","ping_status":"open","sticky":false,"template":"","format":"standard","meta":{"site-sidebar-layout":"default","site-content-layout":"","ast-site-content-layout":"","site-content-style":"default","site-sidebar-style":"default","ast-global-header-display":"","ast-banner-title-visibility":"","ast-main-header-display":"","ast-hfb-above-header-display":"","ast-hfb-below-header-display":"","ast-hfb-mobile-header-display":"","site-post-title":"","ast-breadcrumbs-content":"","ast-featured-img":"","footer-sml-layout":"","theme-transparent-header-meta":"","adv-header-id-meta":"","stick-header-meta":"","header-above-stick-meta":"","header-main-stick-meta":"","header-below-stick-meta":"","astra-migrate-meta-layouts":"default","ast-page-background-enabled":"default","ast-page-background-meta":{"desktop":{"background-color":"var(--ast-global-color-4)","background-image":"","background-repeat":"repeat","background-position":"center center","background-size":"auto","background-attachment":"scroll","background-type":"","background-media":"","overlay-type":"","overlay-color":"","overlay-opacity":"","overlay-gradient":""},"tablet":{"background-color":"","background-image":"","background-repeat":"repeat","background-position":"center center","background-size":"auto","background-attachment":"scroll","background-type":"","background-media":"","overlay-type":"","overlay-color":"","overlay-opacity":"","overlay-gradient":""},"mobile":{"background-color":"","background-image":"","background-repeat":"repeat","background-position":"center center","background-size":"auto","background-attachment":"scroll","background-type":"","background-media":"","overlay-type":"","overlay-color":"","overlay-opacity":"","overlay-gradient":""}},"ast-content-background-meta":{"desktop":{"background-color":"var(--ast-global-color-5)","background-image":"","background-repeat":"repeat","background-position":"center center","background-size":"auto","background-attachment":"scroll","background-type":"","background-media":"","overlay-type":"","overlay-color":"","overlay-opacity":"","overlay-gradient":""},"tablet":{"background-color":"var(--ast-global-color-5)","background-image":"","background-repeat":"repeat","background-position":"center center","background-size":"auto","background-attachment":"scroll","background-type":"","background-media":"","overlay-type":"","overlay-color":"","overlay-opacity":"","overlay-gradient":""},"mobile":{"background-color":"var(--ast-global-color-5)","background-image":"","background-repeat":"repeat","background-position":"center center","background-size":"auto","background-attachment":"scroll","background-type":"","background-media":"","overlay-type":"","overlay-color":"","overlay-opacity":"","overlay-gradient":""}},"footnotes":""},"categories":[],"tags":[],"class_list":["post-3004","post","type-post","status-publish","format-standard","has-post-thumbnail","hentry"],"_links":{"self":[{"href":"http:\/\/conapdis.gob.ve\/wordpress\/wp-json\/wp\/v2\/posts\/3004"}],"collection":[{"href":"http:\/\/conapdis.gob.ve\/wordpress\/wp-json\/wp\/v2\/posts"}],"about":[{"href":"http:\/\/conapdis.gob.ve\/wordpress\/wp-json\/wp\/v2\/types\/post"}],"author":[{"embeddable":true,"href":"http:\/\/conapdis.gob.ve\/wordpress\/wp-json\/wp\/v2\/users\/2"}],"replies":[{"embeddable":true,"href":"http:\/\/conapdis.gob.ve\/wordpress\/wp-json\/wp\/v2\/comments?post=3004"}],"version-history":[{"count":4,"href":"http:\/\/conapdis.gob.ve\/wordpress\/wp-json\/wp\/v2\/posts\/3004\/revisions"}],"predecessor-version":[{"id":3010,"href":"http:\/\/conapdis.gob.ve\/wordpress\/wp-json\/wp\/v2\/posts\/3004\/revisions\/3010"}],"wp:featuredmedia":[{"embeddable":true,"href":"http:\/\/conapdis.gob.ve\/wordpress\/wp-json\/wp\/v2\/media\/3006"}],"wp:attachment":[{"href":"http:\/\/conapdis.gob.ve\/wordpress\/wp-json\/wp\/v2\/media?parent=3004"}],"wp:term":[{"taxonomy":"category","embeddable":true,"href":"http:\/\/conapdis.gob.ve\/wordpress\/wp-json\/wp\/v2\/categories?post=3004"},{"taxonomy":"post_tag","embeddable":true,"href":"http:\/\/conapdis.gob.ve\/wordpress\/wp-json\/wp\/v2\/tags?post=3004"}],"curies":[{"name":"wp","href":"https:\/\/api.w.org\/{rel}","templated":true}]}}