{"id":2858,"date":"2025-02-07T13:13:50","date_gmt":"2025-02-07T17:13:50","guid":{"rendered":"http:\/\/conapdis.gob.ve\/wordpress\/?p=2858"},"modified":"2025-02-11T13:52:17","modified_gmt":"2025-02-11T17:52:17","slug":"la-fundacion-mision-jose-gregorio-hernandez-apuesta-por-la-formacion-en-inclusion","status":"publish","type":"post","link":"http:\/\/conapdis.gob.ve\/wordpress\/la-fundacion-mision-jose-gregorio-hernandez-apuesta-por-la-formacion-en-inclusion\/","title":{"rendered":"LA FUNDACI\u00d3N MISI\u00d3N JOS\u00c9 GREGORIO HERN\u00c1NDEZ APUESTA POR LA FORMACI\u00d3N EN INCLUSI\u00d3N"},"content":{"rendered":"\t\t<div data-elementor-type=\"wp-post\" data-elementor-id=\"2858\" class=\"elementor elementor-2858\" data-elementor-post-type=\"post\">\n\t\t\t\t<div class=\"elementor-element elementor-element-ed4b1f7 e-flex e-con-boxed e-con e-parent\" data-id=\"ed4b1f7\" data-element_type=\"container\">\n\t\t\t\t\t<div class=\"e-con-inner\">\n\t\t\t\t<div class=\"elementor-element elementor-element-754ac51 elementor-widget elementor-widget-heading\" data-id=\"754ac51\" data-element_type=\"widget\" data-widget_type=\"heading.default\">\n\t\t\t\t<div class=\"elementor-widget-container\">\n\t\t\t<style>\/*! elementor - v3.22.0 - 26-06-2024 *\/\n.elementor-heading-title{padding:0;margin:0;line-height:1}.elementor-widget-heading .elementor-heading-title[class*=elementor-size-]>a{color:inherit;font-size:inherit;line-height:inherit}.elementor-widget-heading .elementor-heading-title.elementor-size-small{font-size:15px}.elementor-widget-heading .elementor-heading-title.elementor-size-medium{font-size:19px}.elementor-widget-heading .elementor-heading-title.elementor-size-large{font-size:29px}.elementor-widget-heading .elementor-heading-title.elementor-size-xl{font-size:39px}.elementor-widget-heading .elementor-heading-title.elementor-size-xxl{font-size:59px}<\/style><h4 class=\"elementor-heading-title elementor-size-default\">Garantizando los Derechos de las Personas con Discapacidad<\/h4>\t\t<\/div>\n\t\t\t\t<\/div>\n\t\t\t\t\t<\/div>\n\t\t\t\t<\/div>\n\t\t<div class=\"elementor-element elementor-element-0fa0f55 e-flex e-con-boxed e-con e-parent\" data-id=\"0fa0f55\" data-element_type=\"container\">\n\t\t\t\t\t<div class=\"e-con-inner\">\n\t\t\t\t<div class=\"elementor-element elementor-element-b30b0f2 elementor-widget elementor-widget-text-editor\" data-id=\"b30b0f2\" data-element_type=\"widget\" data-widget_type=\"text-editor.default\">\n\t\t\t\t<div class=\"elementor-widget-container\">\n\t\t\t<style>\/*! elementor - v3.22.0 - 26-06-2024 *\/\n.elementor-widget-text-editor.elementor-drop-cap-view-stacked .elementor-drop-cap{background-color:#69727d;color:#fff}.elementor-widget-text-editor.elementor-drop-cap-view-framed .elementor-drop-cap{color:#69727d;border:3px solid;background-color:transparent}.elementor-widget-text-editor:not(.elementor-drop-cap-view-default) .elementor-drop-cap{margin-top:8px}.elementor-widget-text-editor:not(.elementor-drop-cap-view-default) .elementor-drop-cap-letter{width:1em;height:1em}.elementor-widget-text-editor .elementor-drop-cap{float:left;text-align:center;line-height:1;font-size:50px}.elementor-widget-text-editor .elementor-drop-cap-letter{display:inline-block}<\/style>\t\t\t\t<p>La Fundaci\u00f3n Misi\u00f3n Jos\u00e9 Gregorio Hern\u00e1ndez llev\u00f3 a cabo un taller formativo y de capacitaci\u00f3n sobre la Ley Org\u00e1nica para la Inclusi\u00f3n, Igualdad y Desarrollo Integral de las Personas con Discapacidad, dirigido a sus trabajadores en los espacios de la Sala de Rehabilitaci\u00f3n del Laboratorio de Ortesis y Pr\u00f3tesis Jos\u00e9 Gregorio Hern\u00e1ndez en Caracas. Este evento se realiz\u00f3 con el objetivo de fortalecer el conocimiento y la defensa de los derechos de las personas con discapacidad.<\/p>\n<p>La actividad fue liderada por la Consultora Jur\u00eddica, Abgda. Mar\u00eda Mendoza, quien comparti\u00f3 su experiencia y conocimientos sobre la normativa que promueve la inclusi\u00f3n y el respeto a los derechos fundamentales de este sector de la poblaci\u00f3n. Soraida Ram\u00edrez Osorio, presidenta del CONAPDIS, enriqueci\u00f3 significativamente el taller, brindando a los participantes una visi\u00f3n clara sobre los objetivos de la Ley Org\u00e1nica y las acciones que se est\u00e1n llevando a cabo para su implementaci\u00f3n.<\/p>\n<p>La Abgda. Mar\u00eda Mendoza destac\u00f3 la importancia de esta capacitaci\u00f3n para sensibilizar a los trabajadores sobre la importancia de la inclusi\u00f3n y el respeto a la diversidad. &#8216;Conocer la Ley Org\u00e1nica para la Inclusi\u00f3n nos permite brindar un servicio m\u00e1s eficaz y humano a las personas con discapacidad, afirm\u00f3.&nbsp;<\/p>\n<p><span style=\"font-style: inherit; font-weight: inherit; color: var( --e-global-color-text ); font-family: var( --e-global-typography-text-font-family ), Sans-serif; background-color: var(--ast-global-color-5);\">Soraida Ram\u00edrez Osorio, presidenta del CONAPDIS, destac\u00f3 que esta capacitaci\u00f3n es fundamental para fomentar una cultura de inclusi\u00f3n en la instituci\u00f3n, donde todos los trabajadores se sientan comprometidos con los derechos de las personas con discapacidad.&nbsp;<\/span><\/p>\n<p><span style=\"font-style: inherit; font-weight: inherit; color: var( --e-global-color-text ); font-family: var( --e-global-typography-text-font-family ), Sans-serif; background-color: var(--ast-global-color-5);\">Ram\u00edrez subray\u00f3 que esta iniciativa es un paso m\u00e1s hacia la construcci\u00f3n de una instituci\u00f3n verdaderamente inclusiva, esta capacitaci\u00f3n es fundamental para fortalecer el compromiso de la instituci\u00f3n con la inclusi\u00f3n para garantizar y brindar un servicio de calidad a las personas con discapacidad.<\/span><\/p>\n<p>Durante el taller, los trabajadores expresaron su satisfacci\u00f3n por adquirir nuevas herramientas y conocimientos que les permitir\u00e1n mejorar su labor y contribuir a la defensa y promoci\u00f3n de los derechos de esta poblaci\u00f3n. La interacci\u00f3n y el intercambio de ideas durante las sesiones fueron enriquecedores, fomentando un ambiente de aprendizaje colaborativo.<\/p>\n<p>El Gobierno Bolivariano liderado por el presidente Nicol\u00e1s Maduro Moros, El CONAPDIS y la Fundaci\u00f3n Misi\u00f3n Jos\u00e9 Gregorio Hern\u00e1ndez reafirman su compromiso con la inclusi\u00f3n y el desarrollo integral de las personas con discapacidad, promoviendo espacios de formaci\u00f3n que fortalezcan el entendimiento y la aplicaci\u00f3n de leyes que garanticen sus derechos.<\/p>\t\t\t\t\t\t<\/div>\n\t\t\t\t<\/div>\n\t\t\t\t\t<\/div>\n\t\t\t\t<\/div>\n\t\t<div class=\"elementor-element elementor-element-b067a67 e-grid e-con-boxed e-con e-parent\" data-id=\"b067a67\" data-element_type=\"container\">\n\t\t\t\t\t<div class=\"e-con-inner\">\n\t\t\t\t<div class=\"elementor-element elementor-element-577a118 elementor-widget elementor-widget-image\" data-id=\"577a118\" data-element_type=\"widget\" data-widget_type=\"image.default\">\n\t\t\t\t<div class=\"elementor-widget-container\">\n\t\t\t<style>\/*! elementor - v3.22.0 - 26-06-2024 *\/\n.elementor-widget-image{text-align:center}.elementor-widget-image a{display:inline-block}.elementor-widget-image a img[src$=\".svg\"]{width:48px}.elementor-widget-image img{vertical-align:middle;display:inline-block}<\/style>\t\t\t\t\t\t\t\t\t\t<img fetchpriority=\"high\" decoding=\"async\" width=\"1024\" height=\"683\" src=\"http:\/\/conapdis.gob.ve\/wordpress\/wp-content\/uploads\/2025\/02\/IMG_6373-1024x683.jpg\" class=\"attachment-large size-large wp-image-2861\" alt=\"\" srcset=\"http:\/\/conapdis.gob.ve\/wordpress\/wp-content\/uploads\/2025\/02\/IMG_6373-1024x683.jpg 1024w, http:\/\/conapdis.gob.ve\/wordpress\/wp-content\/uploads\/2025\/02\/IMG_6373-300x200.jpg 300w, http:\/\/conapdis.gob.ve\/wordpress\/wp-content\/uploads\/2025\/02\/IMG_6373-768x512.jpg 768w, http:\/\/conapdis.gob.ve\/wordpress\/wp-content\/uploads\/2025\/02\/IMG_6373-1536x1024.jpg 1536w, http:\/\/conapdis.gob.ve\/wordpress\/wp-content\/uploads\/2025\/02\/IMG_6373.jpg 1920w\" sizes=\"(max-width: 1024px) 100vw, 1024px\" \/>\t\t\t\t\t\t\t\t\t\t\t\t\t<\/div>\n\t\t\t\t<\/div>\n\t\t\t\t<div class=\"elementor-element elementor-element-eb1ab38 elementor-widget elementor-widget-image\" data-id=\"eb1ab38\" data-element_type=\"widget\" data-widget_type=\"image.default\">\n\t\t\t\t<div class=\"elementor-widget-container\">\n\t\t\t\t\t\t\t\t\t\t\t\t\t<img decoding=\"async\" width=\"1024\" height=\"683\" src=\"http:\/\/conapdis.gob.ve\/wordpress\/wp-content\/uploads\/2025\/02\/IMG_6339-1024x683.jpg\" class=\"attachment-large size-large wp-image-2862\" alt=\"\" srcset=\"http:\/\/conapdis.gob.ve\/wordpress\/wp-content\/uploads\/2025\/02\/IMG_6339-1024x683.jpg 1024w, http:\/\/conapdis.gob.ve\/wordpress\/wp-content\/uploads\/2025\/02\/IMG_6339-300x200.jpg 300w, http:\/\/conapdis.gob.ve\/wordpress\/wp-content\/uploads\/2025\/02\/IMG_6339-768x512.jpg 768w, http:\/\/conapdis.gob.ve\/wordpress\/wp-content\/uploads\/2025\/02\/IMG_6339-1536x1024.jpg 1536w, http:\/\/conapdis.gob.ve\/wordpress\/wp-content\/uploads\/2025\/02\/IMG_6339.jpg 1920w\" sizes=\"(max-width: 1024px) 100vw, 1024px\" \/>\t\t\t\t\t\t\t\t\t\t\t\t\t<\/div>\n\t\t\t\t<\/div>\n\t\t\t\t<div class=\"elementor-element elementor-element-4c1f320 elementor-widget elementor-widget-image\" data-id=\"4c1f320\" data-element_type=\"widget\" data-widget_type=\"image.default\">\n\t\t\t\t<div class=\"elementor-widget-container\">\n\t\t\t\t\t\t\t\t\t\t\t\t\t<img decoding=\"async\" width=\"1024\" height=\"683\" src=\"http:\/\/conapdis.gob.ve\/wordpress\/wp-content\/uploads\/2025\/02\/IMG_6362-1024x683.jpg\" class=\"attachment-large size-large wp-image-2863\" alt=\"\" srcset=\"http:\/\/conapdis.gob.ve\/wordpress\/wp-content\/uploads\/2025\/02\/IMG_6362-1024x683.jpg 1024w, http:\/\/conapdis.gob.ve\/wordpress\/wp-content\/uploads\/2025\/02\/IMG_6362-300x200.jpg 300w, http:\/\/conapdis.gob.ve\/wordpress\/wp-content\/uploads\/2025\/02\/IMG_6362-768x512.jpg 768w, http:\/\/conapdis.gob.ve\/wordpress\/wp-content\/uploads\/2025\/02\/IMG_6362-1536x1024.jpg 1536w, http:\/\/conapdis.gob.ve\/wordpress\/wp-content\/uploads\/2025\/02\/IMG_6362.jpg 1920w\" sizes=\"(max-width: 1024px) 100vw, 1024px\" \/>\t\t\t\t\t\t\t\t\t\t\t\t\t<\/div>\n\t\t\t\t<\/div>\n\t\t\t\t<div class=\"elementor-element elementor-element-ab72c7a elementor-widget elementor-widget-image\" data-id=\"ab72c7a\" data-element_type=\"widget\" data-widget_type=\"image.default\">\n\t\t\t\t<div class=\"elementor-widget-container\">\n\t\t\t\t\t\t\t\t\t\t\t\t\t<img loading=\"lazy\" decoding=\"async\" width=\"1024\" height=\"691\" src=\"http:\/\/conapdis.gob.ve\/wordpress\/wp-content\/uploads\/2025\/02\/IMG_20250207_102737-1-1024x691.jpg\" class=\"attachment-large size-large wp-image-2865\" alt=\"\" srcset=\"http:\/\/conapdis.gob.ve\/wordpress\/wp-content\/uploads\/2025\/02\/IMG_20250207_102737-1-1024x691.jpg 1024w, http:\/\/conapdis.gob.ve\/wordpress\/wp-content\/uploads\/2025\/02\/IMG_20250207_102737-1-300x202.jpg 300w, http:\/\/conapdis.gob.ve\/wordpress\/wp-content\/uploads\/2025\/02\/IMG_20250207_102737-1-768x518.jpg 768w, http:\/\/conapdis.gob.ve\/wordpress\/wp-content\/uploads\/2025\/02\/IMG_20250207_102737-1-1536x1036.jpg 1536w, http:\/\/conapdis.gob.ve\/wordpress\/wp-content\/uploads\/2025\/02\/IMG_20250207_102737-1-2048x1382.jpg 2048w\" sizes=\"(max-width: 1024px) 100vw, 1024px\" \/>\t\t\t\t\t\t\t\t\t\t\t\t\t<\/div>\n\t\t\t\t<\/div>\n\t\t\t\t\t<\/div>\n\t\t\t\t<\/div>\n\t\t<div class=\"elementor-element elementor-element-1a5bf23 e-grid e-con-boxed e-con e-parent\" data-id=\"1a5bf23\" data-element_type=\"container\">\n\t\t\t\t\t<div class=\"e-con-inner\">\n\t\t\t\t<div class=\"elementor-element elementor-element-30cf792 elementor-widget elementor-widget-image\" data-id=\"30cf792\" data-element_type=\"widget\" data-widget_type=\"image.default\">\n\t\t\t\t<div class=\"elementor-widget-container\">\n\t\t\t\t\t\t\t\t\t\t\t\t\t<img loading=\"lazy\" decoding=\"async\" width=\"1024\" height=\"683\" src=\"http:\/\/conapdis.gob.ve\/wordpress\/wp-content\/uploads\/2025\/02\/IMG_6376-1024x683.jpg\" class=\"attachment-large size-large wp-image-2866\" alt=\"\" srcset=\"http:\/\/conapdis.gob.ve\/wordpress\/wp-content\/uploads\/2025\/02\/IMG_6376-1024x683.jpg 1024w, http:\/\/conapdis.gob.ve\/wordpress\/wp-content\/uploads\/2025\/02\/IMG_6376-300x200.jpg 300w, http:\/\/conapdis.gob.ve\/wordpress\/wp-content\/uploads\/2025\/02\/IMG_6376-768x512.jpg 768w, http:\/\/conapdis.gob.ve\/wordpress\/wp-content\/uploads\/2025\/02\/IMG_6376-1536x1024.jpg 1536w, http:\/\/conapdis.gob.ve\/wordpress\/wp-content\/uploads\/2025\/02\/IMG_6376.jpg 1920w\" sizes=\"(max-width: 1024px) 100vw, 1024px\" \/>\t\t\t\t\t\t\t\t\t\t\t\t\t<\/div>\n\t\t\t\t<\/div>\n\t\t\t\t<div class=\"elementor-element elementor-element-7e99b47 elementor-widget elementor-widget-image\" data-id=\"7e99b47\" data-element_type=\"widget\" data-widget_type=\"image.default\">\n\t\t\t\t<div class=\"elementor-widget-container\">\n\t\t\t\t\t\t\t\t\t\t\t\t\t<img loading=\"lazy\" decoding=\"async\" width=\"1024\" height=\"683\" src=\"http:\/\/conapdis.gob.ve\/wordpress\/wp-content\/uploads\/2025\/02\/IMG_6336-1024x683.jpg\" class=\"attachment-large size-large wp-image-2867\" alt=\"\" srcset=\"http:\/\/conapdis.gob.ve\/wordpress\/wp-content\/uploads\/2025\/02\/IMG_6336-1024x683.jpg 1024w, http:\/\/conapdis.gob.ve\/wordpress\/wp-content\/uploads\/2025\/02\/IMG_6336-300x200.jpg 300w, http:\/\/conapdis.gob.ve\/wordpress\/wp-content\/uploads\/2025\/02\/IMG_6336-768x512.jpg 768w, http:\/\/conapdis.gob.ve\/wordpress\/wp-content\/uploads\/2025\/02\/IMG_6336-1536x1024.jpg 1536w, http:\/\/conapdis.gob.ve\/wordpress\/wp-content\/uploads\/2025\/02\/IMG_6336.jpg 1920w\" sizes=\"(max-width: 1024px) 100vw, 1024px\" \/>\t\t\t\t\t\t\t\t\t\t\t\t\t<\/div>\n\t\t\t\t<\/div>\n\t\t\t\t<div class=\"elementor-element elementor-element-5dc77d5 elementor-widget elementor-widget-image\" data-id=\"5dc77d5\" data-element_type=\"widget\" data-widget_type=\"image.default\">\n\t\t\t\t<div class=\"elementor-widget-container\">\n\t\t\t\t\t\t\t\t\t\t\t\t\t<img loading=\"lazy\" decoding=\"async\" width=\"1024\" height=\"683\" src=\"http:\/\/conapdis.gob.ve\/wordpress\/wp-content\/uploads\/2025\/02\/IMG_6341-1024x683.jpg\" class=\"attachment-large size-large wp-image-2868\" alt=\"\" srcset=\"http:\/\/conapdis.gob.ve\/wordpress\/wp-content\/uploads\/2025\/02\/IMG_6341-1024x683.jpg 1024w, http:\/\/conapdis.gob.ve\/wordpress\/wp-content\/uploads\/2025\/02\/IMG_6341-300x200.jpg 300w, http:\/\/conapdis.gob.ve\/wordpress\/wp-content\/uploads\/2025\/02\/IMG_6341-768x512.jpg 768w, http:\/\/conapdis.gob.ve\/wordpress\/wp-content\/uploads\/2025\/02\/IMG_6341-1536x1024.jpg 1536w, http:\/\/conapdis.gob.ve\/wordpress\/wp-content\/uploads\/2025\/02\/IMG_6341.jpg 1920w\" sizes=\"(max-width: 1024px) 100vw, 1024px\" \/>\t\t\t\t\t\t\t\t\t\t\t\t\t<\/div>\n\t\t\t\t<\/div>\n\t\t\t\t\t<\/div>\n\t\t\t\t<\/div>\n\t\t\t\t<\/div>\n\t\t<div class=\"gsp_post_data\" data-post_type=\"post\" data-cat=\"\" data-modified=\"120\" data-title=\"LA FUNDACI\u00d3N MISI\u00d3N JOS\u00c9 GREGORIO HERN\u00c1NDEZ APUESTA POR LA FORMACI\u00d3N EN INCLUSI\u00d3N\" data-home=\"http:\/\/conapdis.gob.ve\/wordpress\"><\/div>","protected":false},"excerpt":{"rendered":"<p>Garantizando los Derechos de las Personas con Discapacidad La Fundaci\u00f3n Misi\u00f3n Jos\u00e9 Gregorio Hern\u00e1ndez llev\u00f3 a cabo un taller formativo [&hellip;]<\/p>\n","protected":false},"author":2,"featured_media":2860,"comment_status":"closed","ping_status":"open","sticky":false,"template":"","format":"standard","meta":{"site-sidebar-layout":"default","site-content-layout":"","ast-site-content-layout":"","site-content-style":"default","site-sidebar-style":"default","ast-global-header-display":"","ast-banner-title-visibility":"","ast-main-header-display":"","ast-hfb-above-header-display":"","ast-hfb-below-header-display":"","ast-hfb-mobile-header-display":"","site-post-title":"","ast-breadcrumbs-content":"","ast-featured-img":"","footer-sml-layout":"","theme-transparent-header-meta":"","adv-header-id-meta":"","stick-header-meta":"","header-above-stick-meta":"","header-main-stick-meta":"","header-below-stick-meta":"","astra-migrate-meta-layouts":"default","ast-page-background-enabled":"default","ast-page-background-meta":{"desktop":{"background-color":"var(--ast-global-color-4)","background-image":"","background-repeat":"repeat","background-position":"center center","background-size":"auto","background-attachment":"scroll","background-type":"","background-media":"","overlay-type":"","overlay-color":"","overlay-opacity":"","overlay-gradient":""},"tablet":{"background-color":"","background-image":"","background-repeat":"repeat","background-position":"center center","background-size":"auto","background-attachment":"scroll","background-type":"","background-media":"","overlay-type":"","overlay-color":"","overlay-opacity":"","overlay-gradient":""},"mobile":{"background-color":"","background-image":"","background-repeat":"repeat","background-position":"center center","background-size":"auto","background-attachment":"scroll","background-type":"","background-media":"","overlay-type":"","overlay-color":"","overlay-opacity":"","overlay-gradient":""}},"ast-content-background-meta":{"desktop":{"background-color":"var(--ast-global-color-5)","background-image":"","background-repeat":"repeat","background-position":"center center","background-size":"auto","background-attachment":"scroll","background-type":"","background-media":"","overlay-type":"","overlay-color":"","overlay-opacity":"","overlay-gradient":""},"tablet":{"background-color":"var(--ast-global-color-5)","background-image":"","background-repeat":"repeat","background-position":"center center","background-size":"auto","background-attachment":"scroll","background-type":"","background-media":"","overlay-type":"","overlay-color":"","overlay-opacity":"","overlay-gradient":""},"mobile":{"background-color":"var(--ast-global-color-5)","background-image":"","background-repeat":"repeat","background-position":"center center","background-size":"auto","background-attachment":"scroll","background-type":"","background-media":"","overlay-type":"","overlay-color":"","overlay-opacity":"","overlay-gradient":""}},"footnotes":""},"categories":[],"tags":[],"class_list":["post-2858","post","type-post","status-publish","format-standard","has-post-thumbnail","hentry"],"_links":{"self":[{"href":"http:\/\/conapdis.gob.ve\/wordpress\/wp-json\/wp\/v2\/posts\/2858"}],"collection":[{"href":"http:\/\/conapdis.gob.ve\/wordpress\/wp-json\/wp\/v2\/posts"}],"about":[{"href":"http:\/\/conapdis.gob.ve\/wordpress\/wp-json\/wp\/v2\/types\/post"}],"author":[{"embeddable":true,"href":"http:\/\/conapdis.gob.ve\/wordpress\/wp-json\/wp\/v2\/users\/2"}],"replies":[{"embeddable":true,"href":"http:\/\/conapdis.gob.ve\/wordpress\/wp-json\/wp\/v2\/comments?post=2858"}],"version-history":[{"count":13,"href":"http:\/\/conapdis.gob.ve\/wordpress\/wp-json\/wp\/v2\/posts\/2858\/revisions"}],"predecessor-version":[{"id":2880,"href":"http:\/\/conapdis.gob.ve\/wordpress\/wp-json\/wp\/v2\/posts\/2858\/revisions\/2880"}],"wp:featuredmedia":[{"embeddable":true,"href":"http:\/\/conapdis.gob.ve\/wordpress\/wp-json\/wp\/v2\/media\/2860"}],"wp:attachment":[{"href":"http:\/\/conapdis.gob.ve\/wordpress\/wp-json\/wp\/v2\/media?parent=2858"}],"wp:term":[{"taxonomy":"category","embeddable":true,"href":"http:\/\/conapdis.gob.ve\/wordpress\/wp-json\/wp\/v2\/categories?post=2858"},{"taxonomy":"post_tag","embeddable":true,"href":"http:\/\/conapdis.gob.ve\/wordpress\/wp-json\/wp\/v2\/tags?post=2858"}],"curies":[{"name":"wp","href":"https:\/\/api.w.org\/{rel}","templated":true}]}}