{"id":2655,"date":"2025-01-27T17:05:57","date_gmt":"2025-01-27T21:05:57","guid":{"rendered":"http:\/\/conapdis.gob.ve\/wordpress\/?p=2655"},"modified":"2025-01-29T13:47:35","modified_gmt":"2025-01-29T17:47:35","slug":"fortaleciendo-la-gestion-conapdis-reune-a-coordinadores-estadales-en-su-xviii-aniversario","status":"publish","type":"post","link":"http:\/\/conapdis.gob.ve\/wordpress\/fortaleciendo-la-gestion-conapdis-reune-a-coordinadores-estadales-en-su-xviii-aniversario\/","title":{"rendered":"FORTALECIENDO LA GESTI\u00d3N: CONAPDIS RE\u00daNE A COORDINADORES ESTADALES EN SU XVIII ANIVERSARIO"},"content":{"rendered":"\t\t<div data-elementor-type=\"wp-post\" data-elementor-id=\"2655\" class=\"elementor elementor-2655\" data-elementor-post-type=\"post\">\n\t\t\t\t<div class=\"elementor-element elementor-element-e731694 e-flex e-con-boxed e-con e-parent\" data-id=\"e731694\" data-element_type=\"container\">\n\t\t\t\t\t<div class=\"e-con-inner\">\n\t\t\t\t<div class=\"elementor-element elementor-element-d61e0c0 elementor-widget elementor-widget-text-editor\" data-id=\"d61e0c0\" data-element_type=\"widget\" data-widget_type=\"text-editor.default\">\n\t\t\t\t<div class=\"elementor-widget-container\">\n\t\t\t<style>\/*! elementor - v3.22.0 - 26-06-2024 *\/\n.elementor-widget-text-editor.elementor-drop-cap-view-stacked .elementor-drop-cap{background-color:#69727d;color:#fff}.elementor-widget-text-editor.elementor-drop-cap-view-framed .elementor-drop-cap{color:#69727d;border:3px solid;background-color:transparent}.elementor-widget-text-editor:not(.elementor-drop-cap-view-default) .elementor-drop-cap{margin-top:8px}.elementor-widget-text-editor:not(.elementor-drop-cap-view-default) .elementor-drop-cap-letter{width:1em;height:1em}.elementor-widget-text-editor .elementor-drop-cap{float:left;text-align:center;line-height:1;font-size:50px}.elementor-widget-text-editor .elementor-drop-cap-letter{display:inline-block}<\/style>\t\t\t\t<p>En el marco del XVIII Aniversario del Consejo Nacional para las Personas con Discapacidad (CONAPDIS) se llev\u00f3 a cabo el primer encuentro de Coordinadores Estadales 2025 en la sede de la Fundaci\u00f3n Misi\u00f3n Jose Gregorio Hern\u00e1ndez. Este encuentro tuvo como objetivo principal la formaci\u00f3n de un plan comunicacional efectivo y la inspecci\u00f3n de empresas e instituciones, en alineaci\u00f3n con la Ley Org\u00e1nica para la Inclusi\u00f3n, Igualdad y Desarrollo Integral de las Personas con Discapacidad.<\/p><p>La presidenta de CONAPDIS y la Fundaci\u00f3n Misi\u00f3n Jos\u00e9 Gregorio Hern\u00e1ndez, Soraida Ram\u00edrez Osorio, destac\u00f3 la importancia de este encuentro como un espacio para fortalecer la coordinaci\u00f3n entre los diferentes estados del pa\u00eds. \u00abEs fundamental que trabajemos juntos para garantizar que las pol\u00edticas p\u00fablicas de inclusi\u00f3n y atenci\u00f3n a las personas con discapacidad se implementen de manera efectiva en todo el territorio nacional\u00bb, afirm\u00f3 Ram\u00edrez Osorio.<\/p><p>Durante el evento, se presentaron los avances del nuevo sistema CONAPDIS, dise\u00f1ado para mejorar la atenci\u00f3n a las personas con discapacidad, as\u00ed como el sistema de la Fundaci\u00f3n Misi\u00f3n Jos\u00e9 Gregorio Hern\u00e1ndez, que se centra en el seguimiento y entrega de ayudas humanas (ayudas t\u00e9cnicas revolucionarias). Este enfoque integral busca no solo atender las necesidades inmediatas, sino tambi\u00e9n promover un desarrollo sostenible y una inclusi\u00f3n real en todos los aspectos de la vida.<\/p><p>Ram\u00edrez Osorio resalt\u00f3 los logros alcanzados durante el a\u00f1o 2024, subrayando que \u00abla Ley Org\u00e1nica para la Inclusi\u00f3n, Igualdad y Desarrollo Integral de las Personas con Discapacidad es un pilar fundamental para asegurar que cada persona con discapacidad tenga acceso a sus derechos y oportunidades\u00bb. La ley representa un avance significativo en la lucha por la equidad y el respeto hacia esta poblaci\u00f3n, promoviendo su participaci\u00f3n activa en la sociedad.<\/p><p>El encuentro tambi\u00e9n incluy\u00f3 sesiones de capacitaci\u00f3n dirigidas a los coordinadores estadales, donde se abordaron estrategias para implementar las pol\u00edticas de inclusi\u00f3n en sus respectivas regiones. Se enfatiz\u00f3 la necesidad de crear un entorno accesible y libre de barreras, tanto f\u00edsicas como sociales, para garantizar que todas las personas con discapacidad puedan ejercer plenamente sus derechos.<\/p><p>Este primer encuentro de Coordinadores Estadales 2025 no solo reafirma el compromiso del Presidente Nicol\u00e1s Maduro Moros, CONAPDIS y la Fundaci\u00f3n Misi\u00f3n Jos\u00e9 Gregorio Hern\u00e1ndez con la poblaci\u00f3n con discapacidad, sino que tambi\u00e9n sienta las bases para un futuro m\u00e1s inclusivo en Venezuela.<\/p>\t\t\t\t\t\t<\/div>\n\t\t\t\t<\/div>\n\t\t\t\t\t<\/div>\n\t\t\t\t<\/div>\n\t\t<div class=\"elementor-element elementor-element-2129246 e-grid e-con-boxed e-con e-parent\" data-id=\"2129246\" data-element_type=\"container\">\n\t\t\t\t\t<div class=\"e-con-inner\">\n\t\t\t\t<div class=\"elementor-element elementor-element-102d4e8 elementor-widget elementor-widget-image\" data-id=\"102d4e8\" data-element_type=\"widget\" data-widget_type=\"image.default\">\n\t\t\t\t<div class=\"elementor-widget-container\">\n\t\t\t<style>\/*! elementor - v3.22.0 - 26-06-2024 *\/\n.elementor-widget-image{text-align:center}.elementor-widget-image a{display:inline-block}.elementor-widget-image a img[src$=\".svg\"]{width:48px}.elementor-widget-image img{vertical-align:middle;display:inline-block}<\/style>\t\t\t\t\t\t\t\t\t\t<img fetchpriority=\"high\" decoding=\"async\" width=\"1024\" height=\"682\" src=\"http:\/\/conapdis.gob.ve\/wordpress\/wp-content\/uploads\/2025\/01\/photo_2025-01-27_16-54-55-2-1024x682.jpg\" class=\"attachment-large size-large wp-image-2657\" alt=\"\" srcset=\"http:\/\/conapdis.gob.ve\/wordpress\/wp-content\/uploads\/2025\/01\/photo_2025-01-27_16-54-55-2-1024x682.jpg 1024w, http:\/\/conapdis.gob.ve\/wordpress\/wp-content\/uploads\/2025\/01\/photo_2025-01-27_16-54-55-2-300x200.jpg 300w, http:\/\/conapdis.gob.ve\/wordpress\/wp-content\/uploads\/2025\/01\/photo_2025-01-27_16-54-55-2-768x512.jpg 768w, http:\/\/conapdis.gob.ve\/wordpress\/wp-content\/uploads\/2025\/01\/photo_2025-01-27_16-54-55-2.jpg 1280w\" sizes=\"(max-width: 1024px) 100vw, 1024px\" \/>\t\t\t\t\t\t\t\t\t\t\t\t\t<\/div>\n\t\t\t\t<\/div>\n\t\t\t\t<div class=\"elementor-element elementor-element-380ca46 elementor-widget elementor-widget-image\" data-id=\"380ca46\" data-element_type=\"widget\" data-widget_type=\"image.default\">\n\t\t\t\t<div class=\"elementor-widget-container\">\n\t\t\t\t\t\t\t\t\t\t\t\t\t<img decoding=\"async\" width=\"1024\" height=\"682\" src=\"http:\/\/conapdis.gob.ve\/wordpress\/wp-content\/uploads\/2025\/01\/photo_2025-01-27_16-55-04-2-1024x682.jpg\" class=\"attachment-large size-large wp-image-2658\" alt=\"\" srcset=\"http:\/\/conapdis.gob.ve\/wordpress\/wp-content\/uploads\/2025\/01\/photo_2025-01-27_16-55-04-2-1024x682.jpg 1024w, http:\/\/conapdis.gob.ve\/wordpress\/wp-content\/uploads\/2025\/01\/photo_2025-01-27_16-55-04-2-300x200.jpg 300w, http:\/\/conapdis.gob.ve\/wordpress\/wp-content\/uploads\/2025\/01\/photo_2025-01-27_16-55-04-2-768x512.jpg 768w, http:\/\/conapdis.gob.ve\/wordpress\/wp-content\/uploads\/2025\/01\/photo_2025-01-27_16-55-04-2.jpg 1280w\" sizes=\"(max-width: 1024px) 100vw, 1024px\" \/>\t\t\t\t\t\t\t\t\t\t\t\t\t<\/div>\n\t\t\t\t<\/div>\n\t\t\t\t<div class=\"elementor-element elementor-element-62a9f75 elementor-widget elementor-widget-image\" data-id=\"62a9f75\" data-element_type=\"widget\" data-widget_type=\"image.default\">\n\t\t\t\t<div class=\"elementor-widget-container\">\n\t\t\t\t\t\t\t\t\t\t\t\t\t<img decoding=\"async\" width=\"1024\" height=\"682\" src=\"http:\/\/conapdis.gob.ve\/wordpress\/wp-content\/uploads\/2025\/01\/photo_2025-01-27_16-54-54-1024x682.jpg\" class=\"attachment-large size-large wp-image-2661\" alt=\"\" srcset=\"http:\/\/conapdis.gob.ve\/wordpress\/wp-content\/uploads\/2025\/01\/photo_2025-01-27_16-54-54-1024x682.jpg 1024w, http:\/\/conapdis.gob.ve\/wordpress\/wp-content\/uploads\/2025\/01\/photo_2025-01-27_16-54-54-300x200.jpg 300w, http:\/\/conapdis.gob.ve\/wordpress\/wp-content\/uploads\/2025\/01\/photo_2025-01-27_16-54-54-768x512.jpg 768w, http:\/\/conapdis.gob.ve\/wordpress\/wp-content\/uploads\/2025\/01\/photo_2025-01-27_16-54-54.jpg 1280w\" sizes=\"(max-width: 1024px) 100vw, 1024px\" \/>\t\t\t\t\t\t\t\t\t\t\t\t\t<\/div>\n\t\t\t\t<\/div>\n\t\t\t\t<div class=\"elementor-element elementor-element-3695f88 elementor-widget elementor-widget-image\" data-id=\"3695f88\" data-element_type=\"widget\" data-widget_type=\"image.default\">\n\t\t\t\t<div class=\"elementor-widget-container\">\n\t\t\t\t\t\t\t\t\t\t\t\t\t<img loading=\"lazy\" decoding=\"async\" width=\"1024\" height=\"682\" src=\"http:\/\/conapdis.gob.ve\/wordpress\/wp-content\/uploads\/2025\/01\/photo_2025-01-27_16-55-04-1024x682.jpg\" class=\"attachment-large size-large wp-image-2660\" alt=\"\" srcset=\"http:\/\/conapdis.gob.ve\/wordpress\/wp-content\/uploads\/2025\/01\/photo_2025-01-27_16-55-04-1024x682.jpg 1024w, http:\/\/conapdis.gob.ve\/wordpress\/wp-content\/uploads\/2025\/01\/photo_2025-01-27_16-55-04-300x200.jpg 300w, http:\/\/conapdis.gob.ve\/wordpress\/wp-content\/uploads\/2025\/01\/photo_2025-01-27_16-55-04-768x512.jpg 768w, http:\/\/conapdis.gob.ve\/wordpress\/wp-content\/uploads\/2025\/01\/photo_2025-01-27_16-55-04.jpg 1280w\" sizes=\"(max-width: 1024px) 100vw, 1024px\" \/>\t\t\t\t\t\t\t\t\t\t\t\t\t<\/div>\n\t\t\t\t<\/div>\n\t\t\t\t<div class=\"elementor-element elementor-element-7ee93da elementor-widget elementor-widget-image\" data-id=\"7ee93da\" data-element_type=\"widget\" data-widget_type=\"image.default\">\n\t\t\t\t<div class=\"elementor-widget-container\">\n\t\t\t\t\t\t\t\t\t\t\t\t\t<img loading=\"lazy\" decoding=\"async\" width=\"1024\" height=\"682\" src=\"http:\/\/conapdis.gob.ve\/wordpress\/wp-content\/uploads\/2025\/01\/photo_2025-01-27_16-54-55-1024x682.jpg\" class=\"attachment-large size-large wp-image-2662\" alt=\"\" srcset=\"http:\/\/conapdis.gob.ve\/wordpress\/wp-content\/uploads\/2025\/01\/photo_2025-01-27_16-54-55-1024x682.jpg 1024w, http:\/\/conapdis.gob.ve\/wordpress\/wp-content\/uploads\/2025\/01\/photo_2025-01-27_16-54-55-300x200.jpg 300w, http:\/\/conapdis.gob.ve\/wordpress\/wp-content\/uploads\/2025\/01\/photo_2025-01-27_16-54-55-768x512.jpg 768w, http:\/\/conapdis.gob.ve\/wordpress\/wp-content\/uploads\/2025\/01\/photo_2025-01-27_16-54-55.jpg 1280w\" sizes=\"(max-width: 1024px) 100vw, 1024px\" \/>\t\t\t\t\t\t\t\t\t\t\t\t\t<\/div>\n\t\t\t\t<\/div>\n\t\t\t\t<div class=\"elementor-element elementor-element-4b3f39b elementor-widget elementor-widget-image\" data-id=\"4b3f39b\" data-element_type=\"widget\" data-widget_type=\"image.default\">\n\t\t\t\t<div class=\"elementor-widget-container\">\n\t\t\t\t\t\t\t\t\t\t\t\t\t<img loading=\"lazy\" decoding=\"async\" width=\"1024\" height=\"682\" src=\"http:\/\/conapdis.gob.ve\/wordpress\/wp-content\/uploads\/2025\/01\/photo_2025-01-27_16-55-04-4-1-1024x682.jpg\" class=\"attachment-large size-large wp-image-2663\" alt=\"\" srcset=\"http:\/\/conapdis.gob.ve\/wordpress\/wp-content\/uploads\/2025\/01\/photo_2025-01-27_16-55-04-4-1-1024x682.jpg 1024w, http:\/\/conapdis.gob.ve\/wordpress\/wp-content\/uploads\/2025\/01\/photo_2025-01-27_16-55-04-4-1-300x200.jpg 300w, http:\/\/conapdis.gob.ve\/wordpress\/wp-content\/uploads\/2025\/01\/photo_2025-01-27_16-55-04-4-1-768x512.jpg 768w, http:\/\/conapdis.gob.ve\/wordpress\/wp-content\/uploads\/2025\/01\/photo_2025-01-27_16-55-04-4-1.jpg 1280w\" sizes=\"(max-width: 1024px) 100vw, 1024px\" \/>\t\t\t\t\t\t\t\t\t\t\t\t\t<\/div>\n\t\t\t\t<\/div>\n\t\t\t\t\t<\/div>\n\t\t\t\t<\/div>\n\t\t<div class=\"elementor-element elementor-element-d6c3b78 e-grid e-con-boxed e-con e-parent\" data-id=\"d6c3b78\" data-element_type=\"container\">\n\t\t\t\t\t<div class=\"e-con-inner\">\n\t\t\t\t<div class=\"elementor-element elementor-element-904d772 elementor-widget elementor-widget-image\" data-id=\"904d772\" data-element_type=\"widget\" data-widget_type=\"image.default\">\n\t\t\t\t<div class=\"elementor-widget-container\">\n\t\t\t\t\t\t\t\t\t\t\t\t\t<img loading=\"lazy\" decoding=\"async\" width=\"1024\" height=\"539\" src=\"http:\/\/conapdis.gob.ve\/wordpress\/wp-content\/uploads\/2025\/01\/photo_2025-01-27_17-17-51-1-1024x539.jpg\" class=\"attachment-large size-large wp-image-2671\" alt=\"\" srcset=\"http:\/\/conapdis.gob.ve\/wordpress\/wp-content\/uploads\/2025\/01\/photo_2025-01-27_17-17-51-1-1024x539.jpg 1024w, http:\/\/conapdis.gob.ve\/wordpress\/wp-content\/uploads\/2025\/01\/photo_2025-01-27_17-17-51-1-300x158.jpg 300w, http:\/\/conapdis.gob.ve\/wordpress\/wp-content\/uploads\/2025\/01\/photo_2025-01-27_17-17-51-1-768x404.jpg 768w, http:\/\/conapdis.gob.ve\/wordpress\/wp-content\/uploads\/2025\/01\/photo_2025-01-27_17-17-51-1.jpg 1037w\" sizes=\"(max-width: 1024px) 100vw, 1024px\" \/>\t\t\t\t\t\t\t\t\t\t\t\t\t<\/div>\n\t\t\t\t<\/div>\n\t\t\t\t<div class=\"elementor-element elementor-element-596c1da elementor-widget elementor-widget-image\" data-id=\"596c1da\" data-element_type=\"widget\" data-widget_type=\"image.default\">\n\t\t\t\t<div class=\"elementor-widget-container\">\n\t\t\t\t\t\t\t\t\t\t\t\t\t<img loading=\"lazy\" decoding=\"async\" width=\"1024\" height=\"525\" src=\"http:\/\/conapdis.gob.ve\/wordpress\/wp-content\/uploads\/2025\/01\/photo_2025-01-27_14-20-07-1024x525.jpg\" class=\"attachment-large size-large wp-image-2670\" alt=\"\" srcset=\"http:\/\/conapdis.gob.ve\/wordpress\/wp-content\/uploads\/2025\/01\/photo_2025-01-27_14-20-07-1024x525.jpg 1024w, http:\/\/conapdis.gob.ve\/wordpress\/wp-content\/uploads\/2025\/01\/photo_2025-01-27_14-20-07-300x154.jpg 300w, http:\/\/conapdis.gob.ve\/wordpress\/wp-content\/uploads\/2025\/01\/photo_2025-01-27_14-20-07-768x394.jpg 768w, http:\/\/conapdis.gob.ve\/wordpress\/wp-content\/uploads\/2025\/01\/photo_2025-01-27_14-20-07.jpg 1126w\" sizes=\"(max-width: 1024px) 100vw, 1024px\" \/>\t\t\t\t\t\t\t\t\t\t\t\t\t<\/div>\n\t\t\t\t<\/div>\n\t\t\t\t\t<\/div>\n\t\t\t\t<\/div>\n\t\t\t\t<\/div>\n\t\t<div class=\"gsp_post_data\" data-post_type=\"post\" data-cat=\"\" data-modified=\"120\" data-title=\"FORTALECIENDO LA GESTI\u00d3N: CONAPDIS RE\u00daNE A COORDINADORES ESTADALES EN SU XVIII ANIVERSARIO\" data-home=\"http:\/\/conapdis.gob.ve\/wordpress\"><\/div>","protected":false},"excerpt":{"rendered":"<p>En el marco del XVIII Aniversario del Consejo Nacional para las Personas con Discapacidad (CONAPDIS) se llev\u00f3 a cabo el [&hellip;]<\/p>\n","protected":false},"author":2,"featured_media":2667,"comment_status":"closed","ping_status":"open","sticky":false,"template":"","format":"standard","meta":{"site-sidebar-layout":"default","site-content-layout":"","ast-site-content-layout":"","site-content-style":"default","site-sidebar-style":"default","ast-global-header-display":"","ast-banner-title-visibility":"","ast-main-header-display":"","ast-hfb-above-header-display":"","ast-hfb-below-header-display":"","ast-hfb-mobile-header-display":"","site-post-title":"","ast-breadcrumbs-content":"","ast-featured-img":"","footer-sml-layout":"","theme-transparent-header-meta":"","adv-header-id-meta":"","stick-header-meta":"","header-above-stick-meta":"","header-main-stick-meta":"","header-below-stick-meta":"","astra-migrate-meta-layouts":"default","ast-page-background-enabled":"default","ast-page-background-meta":{"desktop":{"background-color":"var(--ast-global-color-4)","background-image":"","background-repeat":"repeat","background-position":"center center","background-size":"auto","background-attachment":"scroll","background-type":"","background-media":"","overlay-type":"","overlay-color":"","overlay-opacity":"","overlay-gradient":""},"tablet":{"background-color":"","background-image":"","background-repeat":"repeat","background-position":"center center","background-size":"auto","background-attachment":"scroll","background-type":"","background-media":"","overlay-type":"","overlay-color":"","overlay-opacity":"","overlay-gradient":""},"mobile":{"background-color":"","background-image":"","background-repeat":"repeat","background-position":"center center","background-size":"auto","background-attachment":"scroll","background-type":"","background-media":"","overlay-type":"","overlay-color":"","overlay-opacity":"","overlay-gradient":""}},"ast-content-background-meta":{"desktop":{"background-color":"var(--ast-global-color-5)","background-image":"","background-repeat":"repeat","background-position":"center center","background-size":"auto","background-attachment":"scroll","background-type":"","background-media":"","overlay-type":"","overlay-color":"","overlay-opacity":"","overlay-gradient":""},"tablet":{"background-color":"var(--ast-global-color-5)","background-image":"","background-repeat":"repeat","background-position":"center center","background-size":"auto","background-attachment":"scroll","background-type":"","background-media":"","overlay-type":"","overlay-color":"","overlay-opacity":"","overlay-gradient":""},"mobile":{"background-color":"var(--ast-global-color-5)","background-image":"","background-repeat":"repeat","background-position":"center center","background-size":"auto","background-attachment":"scroll","background-type":"","background-media":"","overlay-type":"","overlay-color":"","overlay-opacity":"","overlay-gradient":""}},"footnotes":""},"categories":[],"tags":[],"class_list":["post-2655","post","type-post","status-publish","format-standard","has-post-thumbnail","hentry"],"_links":{"self":[{"href":"http:\/\/conapdis.gob.ve\/wordpress\/wp-json\/wp\/v2\/posts\/2655"}],"collection":[{"href":"http:\/\/conapdis.gob.ve\/wordpress\/wp-json\/wp\/v2\/posts"}],"about":[{"href":"http:\/\/conapdis.gob.ve\/wordpress\/wp-json\/wp\/v2\/types\/post"}],"author":[{"embeddable":true,"href":"http:\/\/conapdis.gob.ve\/wordpress\/wp-json\/wp\/v2\/users\/2"}],"replies":[{"embeddable":true,"href":"http:\/\/conapdis.gob.ve\/wordpress\/wp-json\/wp\/v2\/comments?post=2655"}],"version-history":[{"count":16,"href":"http:\/\/conapdis.gob.ve\/wordpress\/wp-json\/wp\/v2\/posts\/2655\/revisions"}],"predecessor-version":[{"id":2713,"href":"http:\/\/conapdis.gob.ve\/wordpress\/wp-json\/wp\/v2\/posts\/2655\/revisions\/2713"}],"wp:featuredmedia":[{"embeddable":true,"href":"http:\/\/conapdis.gob.ve\/wordpress\/wp-json\/wp\/v2\/media\/2667"}],"wp:attachment":[{"href":"http:\/\/conapdis.gob.ve\/wordpress\/wp-json\/wp\/v2\/media?parent=2655"}],"wp:term":[{"taxonomy":"category","embeddable":true,"href":"http:\/\/conapdis.gob.ve\/wordpress\/wp-json\/wp\/v2\/categories?post=2655"},{"taxonomy":"post_tag","embeddable":true,"href":"http:\/\/conapdis.gob.ve\/wordpress\/wp-json\/wp\/v2\/tags?post=2655"}],"curies":[{"name":"wp","href":"https:\/\/api.w.org\/{rel}","templated":true}]}}