{"id":2602,"date":"2025-01-21T14:06:35","date_gmt":"2025-01-21T18:06:35","guid":{"rendered":"http:\/\/conapdis.gob.ve\/wordpress\/?p=2602"},"modified":"2025-02-03T15:32:39","modified_gmt":"2025-02-03T19:32:39","slug":"conapdis-capacita-sobre-sus-programas-de-gestion-social","status":"publish","type":"post","link":"http:\/\/conapdis.gob.ve\/wordpress\/conapdis-capacita-sobre-sus-programas-de-gestion-social\/","title":{"rendered":"CONAPDIS CAPACITA SOBRE SUS PROGRAMAS DE GESTI\u00d3N SOCIAL"},"content":{"rendered":"\t\t<div data-elementor-type=\"wp-post\" data-elementor-id=\"2602\" class=\"elementor elementor-2602\" data-elementor-post-type=\"post\">\n\t\t\t\t<div class=\"elementor-element elementor-element-0af5ca1 e-flex e-con-boxed e-con e-parent\" data-id=\"0af5ca1\" data-element_type=\"container\">\n\t\t\t\t\t<div class=\"e-con-inner\">\n\t\t\t\t<div class=\"elementor-element elementor-element-79aae5f elementor-widget elementor-widget-heading\" data-id=\"79aae5f\" data-element_type=\"widget\" data-widget_type=\"heading.default\">\n\t\t\t\t<div class=\"elementor-widget-container\">\n\t\t\t<style>\/*! elementor - v3.22.0 - 26-06-2024 *\/\n.elementor-heading-title{padding:0;margin:0;line-height:1}.elementor-widget-heading .elementor-heading-title[class*=elementor-size-]>a{color:inherit;font-size:inherit;line-height:inherit}.elementor-widget-heading .elementor-heading-title.elementor-size-small{font-size:15px}.elementor-widget-heading .elementor-heading-title.elementor-size-medium{font-size:19px}.elementor-widget-heading .elementor-heading-title.elementor-size-large{font-size:29px}.elementor-widget-heading .elementor-heading-title.elementor-size-xl{font-size:39px}.elementor-widget-heading .elementor-heading-title.elementor-size-xxl{font-size:59px}<\/style><h4 class=\"elementor-heading-title elementor-size-default\">Fortaleciendo la Atenci\u00f3n en la Familia<\/h4>\t\t<\/div>\n\t\t\t\t<\/div>\n\t\t\t\t\t<\/div>\n\t\t\t\t<\/div>\n\t\t<div class=\"elementor-element elementor-element-8c6bf81 e-flex e-con-boxed e-con e-parent\" data-id=\"8c6bf81\" data-element_type=\"container\">\n\t\t\t\t\t<div class=\"e-con-inner\">\n\t\t\t\t<div class=\"elementor-element elementor-element-8ce49b9 elementor-widget elementor-widget-text-editor\" data-id=\"8ce49b9\" data-element_type=\"widget\" data-widget_type=\"text-editor.default\">\n\t\t\t\t<div class=\"elementor-widget-container\">\n\t\t\t<style>\/*! elementor - v3.22.0 - 26-06-2024 *\/\n.elementor-widget-text-editor.elementor-drop-cap-view-stacked .elementor-drop-cap{background-color:#69727d;color:#fff}.elementor-widget-text-editor.elementor-drop-cap-view-framed .elementor-drop-cap{color:#69727d;border:3px solid;background-color:transparent}.elementor-widget-text-editor:not(.elementor-drop-cap-view-default) .elementor-drop-cap{margin-top:8px}.elementor-widget-text-editor:not(.elementor-drop-cap-view-default) .elementor-drop-cap-letter{width:1em;height:1em}.elementor-widget-text-editor .elementor-drop-cap{float:left;text-align:center;line-height:1;font-size:50px}.elementor-widget-text-editor .elementor-drop-cap-letter{display:inline-block}<\/style>\t\t\t\t<p>En un esfuerzo por fortalecer la capacitaci\u00f3n y el conocimiento sobre los programas y servicios que ofrece el Consejo Nacional para las Personas con Discapacidad (CONAPDIS), se llev\u00f3 a cabo un taller formativo en l\u00ednea dirigido a coordinadores de cada estado, personal adscrito y promotores de la instituci\u00f3n. Este evento se realiz\u00f3 con el objetivo de mejorar la atenci\u00f3n a las familias y el apoyo a las personas con discapacidad en todo el pa\u00eds.<\/p><p>El taller, que reuni\u00f3 a m\u00e1s de 200 participantes, se centr\u00f3 en los diversos programas implementados por CONAPDIS, as\u00ed como en las estrategias para promover la inclusi\u00f3n y el bienestar de las personas con discapacidad dentro del hogar, comunidad, escuelas e instituciones. Los facilitadores del taller, expertos en el \u00e1rea de gesti\u00f3n social, compartieron valiosas herramientas y recursos que permitir\u00e1n a los participantes optimizar su labor en sus respectivas comunidades.<\/p><p>Durante la capacitaci\u00f3n, se abordaron temas como la importancia de la sensibilizaci\u00f3n en la sociedad, los derechos de las personas con discapacidad, el trato adecuado y las mejores pr\u00e1cticas para la implementaci\u00f3n de pol\u00edticas p\u00fablicas inclusivas. Asimismo, se foment\u00f3 un espacio de intercambio de experiencias entre los participantes, lo que enriqueci\u00f3 el aprendizaje colectivo.<\/p><p>La respuesta de los asistentes fue muy positiva, destacando la relevancia de estos espacios formativos para el desarrollo profesional y personal de quienes trabajan en pro de la inclusi\u00f3n. Los coordinadores expresaron su compromiso de aplicar los conocimientos adquiridos en sus estados, con la finalidad de mejorar la calidad de vida de las personas con discapacidad.<\/p><p>Este taller es parte de una serie de iniciativas que CONAPDIS ha implementado para garantizar que su personal est\u00e9 debidamente capacitado y preparado para enfrentar los retos que presenta la atenci\u00f3n a este sector de la poblaci\u00f3n. La instituci\u00f3n reafirma su compromiso con la inclusi\u00f3n social y el empoderamiento de las personas con discapacidad, trabajando en conjunto con todos los actores involucrados.<\/p><p>El Gobierno Bolivariano, a trav\u00e9s de CONAPDIS, contin\u00faa avanzando en su misi\u00f3n de promover una sociedad m\u00e1s inclusiva, donde todas las personas, sin excepci\u00f3n, tengan acceso a sus derechos y oportunidades.<\/p>\t\t\t\t\t\t<\/div>\n\t\t\t\t<\/div>\n\t\t\t\t\t<\/div>\n\t\t\t\t<\/div>\n\t\t<div class=\"elementor-element elementor-element-33ec827 e-grid e-con-boxed e-con e-parent\" data-id=\"33ec827\" data-element_type=\"container\">\n\t\t\t\t\t<div class=\"e-con-inner\">\n\t\t\t\t<div class=\"elementor-element elementor-element-edd86d5 elementor-widget elementor-widget-image\" data-id=\"edd86d5\" data-element_type=\"widget\" data-widget_type=\"image.default\">\n\t\t\t\t<div class=\"elementor-widget-container\">\n\t\t\t<style>\/*! elementor - v3.22.0 - 26-06-2024 *\/\n.elementor-widget-image{text-align:center}.elementor-widget-image a{display:inline-block}.elementor-widget-image a img[src$=\".svg\"]{width:48px}.elementor-widget-image img{vertical-align:middle;display:inline-block}<\/style>\t\t\t\t\t\t\t\t\t\t<img fetchpriority=\"high\" decoding=\"async\" width=\"1024\" height=\"682\" src=\"http:\/\/conapdis.gob.ve\/wordpress\/wp-content\/uploads\/2025\/01\/photo_2025-01-21_12-44-40-3-1024x682.jpg\" class=\"attachment-large size-large wp-image-2604\" alt=\"\" srcset=\"http:\/\/conapdis.gob.ve\/wordpress\/wp-content\/uploads\/2025\/01\/photo_2025-01-21_12-44-40-3-1024x682.jpg 1024w, http:\/\/conapdis.gob.ve\/wordpress\/wp-content\/uploads\/2025\/01\/photo_2025-01-21_12-44-40-3-300x200.jpg 300w, http:\/\/conapdis.gob.ve\/wordpress\/wp-content\/uploads\/2025\/01\/photo_2025-01-21_12-44-40-3-768x512.jpg 768w, http:\/\/conapdis.gob.ve\/wordpress\/wp-content\/uploads\/2025\/01\/photo_2025-01-21_12-44-40-3.jpg 1280w\" sizes=\"(max-width: 1024px) 100vw, 1024px\" \/>\t\t\t\t\t\t\t\t\t\t\t\t\t<\/div>\n\t\t\t\t<\/div>\n\t\t\t\t<div class=\"elementor-element elementor-element-3a9148b elementor-widget elementor-widget-image\" data-id=\"3a9148b\" data-element_type=\"widget\" data-widget_type=\"image.default\">\n\t\t\t\t<div class=\"elementor-widget-container\">\n\t\t\t\t\t\t\t\t\t\t\t\t\t<img decoding=\"async\" width=\"1024\" height=\"682\" src=\"http:\/\/conapdis.gob.ve\/wordpress\/wp-content\/uploads\/2025\/01\/photo_2025-01-21_12-44-40-2-1024x682.jpg\" class=\"attachment-large size-large wp-image-2605\" alt=\"\" srcset=\"http:\/\/conapdis.gob.ve\/wordpress\/wp-content\/uploads\/2025\/01\/photo_2025-01-21_12-44-40-2-1024x682.jpg 1024w, http:\/\/conapdis.gob.ve\/wordpress\/wp-content\/uploads\/2025\/01\/photo_2025-01-21_12-44-40-2-300x200.jpg 300w, http:\/\/conapdis.gob.ve\/wordpress\/wp-content\/uploads\/2025\/01\/photo_2025-01-21_12-44-40-2-768x512.jpg 768w, http:\/\/conapdis.gob.ve\/wordpress\/wp-content\/uploads\/2025\/01\/photo_2025-01-21_12-44-40-2.jpg 1280w\" sizes=\"(max-width: 1024px) 100vw, 1024px\" \/>\t\t\t\t\t\t\t\t\t\t\t\t\t<\/div>\n\t\t\t\t<\/div>\n\t\t\t\t<div class=\"elementor-element elementor-element-07cf689 elementor-widget elementor-widget-image\" data-id=\"07cf689\" data-element_type=\"widget\" data-widget_type=\"image.default\">\n\t\t\t\t<div class=\"elementor-widget-container\">\n\t\t\t\t\t\t\t\t\t\t\t\t\t<img decoding=\"async\" width=\"1024\" height=\"682\" src=\"http:\/\/conapdis.gob.ve\/wordpress\/wp-content\/uploads\/2025\/01\/photo_2025-01-21_12-44-38-3-1024x682.jpg\" class=\"attachment-large size-large wp-image-2606\" alt=\"\" srcset=\"http:\/\/conapdis.gob.ve\/wordpress\/wp-content\/uploads\/2025\/01\/photo_2025-01-21_12-44-38-3-1024x682.jpg 1024w, http:\/\/conapdis.gob.ve\/wordpress\/wp-content\/uploads\/2025\/01\/photo_2025-01-21_12-44-38-3-300x200.jpg 300w, http:\/\/conapdis.gob.ve\/wordpress\/wp-content\/uploads\/2025\/01\/photo_2025-01-21_12-44-38-3-768x512.jpg 768w, http:\/\/conapdis.gob.ve\/wordpress\/wp-content\/uploads\/2025\/01\/photo_2025-01-21_12-44-38-3.jpg 1280w\" sizes=\"(max-width: 1024px) 100vw, 1024px\" \/>\t\t\t\t\t\t\t\t\t\t\t\t\t<\/div>\n\t\t\t\t<\/div>\n\t\t\t\t\t<\/div>\n\t\t\t\t<\/div>\n\t\t\t\t<\/div>\n\t\t<div class=\"gsp_post_data\" data-post_type=\"post\" data-cat=\"\" data-modified=\"120\" data-title=\"CONAPDIS CAPACITA SOBRE SUS PROGRAMAS DE GESTI\u00d3N SOCIAL\" data-home=\"http:\/\/conapdis.gob.ve\/wordpress\"><\/div>","protected":false},"excerpt":{"rendered":"<p>Fortaleciendo la Atenci\u00f3n en la Familia En un esfuerzo por fortalecer la capacitaci\u00f3n y el conocimiento sobre los programas y [&hellip;]<\/p>\n","protected":false},"author":2,"featured_media":2610,"comment_status":"closed","ping_status":"open","sticky":false,"template":"","format":"standard","meta":{"site-sidebar-layout":"default","site-content-layout":"","ast-site-content-layout":"","site-content-style":"default","site-sidebar-style":"default","ast-global-header-display":"","ast-banner-title-visibility":"","ast-main-header-display":"","ast-hfb-above-header-display":"","ast-hfb-below-header-display":"","ast-hfb-mobile-header-display":"","site-post-title":"","ast-breadcrumbs-content":"","ast-featured-img":"","footer-sml-layout":"","theme-transparent-header-meta":"","adv-header-id-meta":"","stick-header-meta":"","header-above-stick-meta":"","header-main-stick-meta":"","header-below-stick-meta":"","astra-migrate-meta-layouts":"default","ast-page-background-enabled":"default","ast-page-background-meta":{"desktop":{"background-color":"var(--ast-global-color-4)","background-image":"","background-repeat":"repeat","background-position":"center center","background-size":"auto","background-attachment":"scroll","background-type":"","background-media":"","overlay-type":"","overlay-color":"","overlay-opacity":"","overlay-gradient":""},"tablet":{"background-color":"","background-image":"","background-repeat":"repeat","background-position":"center center","background-size":"auto","background-attachment":"scroll","background-type":"","background-media":"","overlay-type":"","overlay-color":"","overlay-opacity":"","overlay-gradient":""},"mobile":{"background-color":"","background-image":"","background-repeat":"repeat","background-position":"center center","background-size":"auto","background-attachment":"scroll","background-type":"","background-media":"","overlay-type":"","overlay-color":"","overlay-opacity":"","overlay-gradient":""}},"ast-content-background-meta":{"desktop":{"background-color":"var(--ast-global-color-5)","background-image":"","background-repeat":"repeat","background-position":"center center","background-size":"auto","background-attachment":"scroll","background-type":"","background-media":"","overlay-type":"","overlay-color":"","overlay-opacity":"","overlay-gradient":""},"tablet":{"background-color":"var(--ast-global-color-5)","background-image":"","background-repeat":"repeat","background-position":"center center","background-size":"auto","background-attachment":"scroll","background-type":"","background-media":"","overlay-type":"","overlay-color":"","overlay-opacity":"","overlay-gradient":""},"mobile":{"background-color":"var(--ast-global-color-5)","background-image":"","background-repeat":"repeat","background-position":"center center","background-size":"auto","background-attachment":"scroll","background-type":"","background-media":"","overlay-type":"","overlay-color":"","overlay-opacity":"","overlay-gradient":""}},"footnotes":""},"categories":[],"tags":[],"class_list":["post-2602","post","type-post","status-publish","format-standard","has-post-thumbnail","hentry"],"_links":{"self":[{"href":"http:\/\/conapdis.gob.ve\/wordpress\/wp-json\/wp\/v2\/posts\/2602"}],"collection":[{"href":"http:\/\/conapdis.gob.ve\/wordpress\/wp-json\/wp\/v2\/posts"}],"about":[{"href":"http:\/\/conapdis.gob.ve\/wordpress\/wp-json\/wp\/v2\/types\/post"}],"author":[{"embeddable":true,"href":"http:\/\/conapdis.gob.ve\/wordpress\/wp-json\/wp\/v2\/users\/2"}],"replies":[{"embeddable":true,"href":"http:\/\/conapdis.gob.ve\/wordpress\/wp-json\/wp\/v2\/comments?post=2602"}],"version-history":[{"count":7,"href":"http:\/\/conapdis.gob.ve\/wordpress\/wp-json\/wp\/v2\/posts\/2602\/revisions"}],"predecessor-version":[{"id":2759,"href":"http:\/\/conapdis.gob.ve\/wordpress\/wp-json\/wp\/v2\/posts\/2602\/revisions\/2759"}],"wp:featuredmedia":[{"embeddable":true,"href":"http:\/\/conapdis.gob.ve\/wordpress\/wp-json\/wp\/v2\/media\/2610"}],"wp:attachment":[{"href":"http:\/\/conapdis.gob.ve\/wordpress\/wp-json\/wp\/v2\/media?parent=2602"}],"wp:term":[{"taxonomy":"category","embeddable":true,"href":"http:\/\/conapdis.gob.ve\/wordpress\/wp-json\/wp\/v2\/categories?post=2602"},{"taxonomy":"post_tag","embeddable":true,"href":"http:\/\/conapdis.gob.ve\/wordpress\/wp-json\/wp\/v2\/tags?post=2602"}],"curies":[{"name":"wp","href":"https:\/\/api.w.org\/{rel}","templated":true}]}}