{"id":2579,"date":"2025-01-17T14:35:19","date_gmt":"2025-01-17T18:35:19","guid":{"rendered":"http:\/\/conapdis.gob.ve\/wordpress\/?p=2579"},"modified":"2025-01-20T16:40:52","modified_gmt":"2025-01-20T20:40:52","slug":"encuentro-de-movimientos-sociales-hacia-un-futuro-transformador","status":"publish","type":"post","link":"http:\/\/conapdis.gob.ve\/wordpress\/encuentro-de-movimientos-sociales-hacia-un-futuro-transformador\/","title":{"rendered":"ENCUENTRO DE MOVIMIENTOS SOCIALES: HACIA UN FUTURO TRANSFORMADOR"},"content":{"rendered":"\t\t<div data-elementor-type=\"wp-post\" data-elementor-id=\"2579\" class=\"elementor elementor-2579\" data-elementor-post-type=\"post\">\n\t\t\t\t<div class=\"elementor-element elementor-element-ca7d222 e-flex e-con-boxed e-con e-parent\" data-id=\"ca7d222\" data-element_type=\"container\">\n\t\t\t\t\t<div class=\"e-con-inner\">\n\t\t\t\t<div class=\"elementor-element elementor-element-e70185c elementor-widget elementor-widget-text-editor\" data-id=\"e70185c\" data-element_type=\"widget\" data-widget_type=\"text-editor.default\">\n\t\t\t\t<div class=\"elementor-widget-container\">\n\t\t\t<style>\/*! elementor - v3.22.0 - 26-06-2024 *\/\n.elementor-widget-text-editor.elementor-drop-cap-view-stacked .elementor-drop-cap{background-color:#69727d;color:#fff}.elementor-widget-text-editor.elementor-drop-cap-view-framed .elementor-drop-cap{color:#69727d;border:3px solid;background-color:transparent}.elementor-widget-text-editor:not(.elementor-drop-cap-view-default) .elementor-drop-cap{margin-top:8px}.elementor-widget-text-editor:not(.elementor-drop-cap-view-default) .elementor-drop-cap-letter{width:1em;height:1em}.elementor-widget-text-editor .elementor-drop-cap{float:left;text-align:center;line-height:1;font-size:50px}.elementor-widget-text-editor .elementor-drop-cap-letter{display:inline-block}<\/style>\t\t\t\t<p>Caracas &#8211; En un ambiente de colaboraci\u00f3n y compromiso, la sede de Venezuela Joven fue el escenario del reciente encuentro con los Movimientos Sociales, donde se congregaron l\u00edderes de los distintos movimientos sociales para discutir estrategias y acciones en pro del desarrollo del pa\u00eds. El evento cont\u00f3 con la participaci\u00f3n destacada del Coordinador Nacional del Movimiento Futuro y ministro del Poder Popular para Educaci\u00f3n, H\u00e9ctor Rodr\u00edguez, el Secretario Nacional, Julio Garc\u00eda Zerpa y Jhoanna Carrillo ministra del Poder Popular para la Mujer e Igualdad de G\u00e9nero y Secretaria Nacional del Movimiento Somos Venezuela.<\/p><p>El encuentro se estructur\u00f3 en siete mesas de trabajo, cada una dedicada a una de las siete (7) transformaciones implementadas por el Presidente de la Republica Nicolas Maduro Moros que dar\u00e1n paso a la construcci\u00f3n colectiva del socialismo rumbo al desarrollo del pa\u00eds en el periodo 2025-2030. En cada mesa, los participantes expusieron tres banderas de lucha que guiar\u00e1n sus esfuerzos en la construcci\u00f3n de un futuro m\u00e1s inclusivo y sostenible para la patria. El sector de personas con discapacidad desempe\u00f1\u00f3 un papel en estas discusiones, destacando la necesidad de inclusi\u00f3n y accesibilidad en todos los \u00e1mbitos de la vida social.<\/p><p>Entre las tem\u00e1ticas abordadas se encontraron la educaci\u00f3n, la salud, el medio ambiente, la econom\u00eda, la participaci\u00f3n ciudadana, la igualdad de g\u00e9nero y la justicia social. Cada movimiento present\u00f3 sus propuestas y objetivos espec\u00edficos, as\u00ed como las estrategias necesarias para alcanzar estas metas en los pr\u00f3ximos a\u00f1os.<\/p><p>H\u00e9ctor Rodr\u00edguez Coordinador Nacional del Movimiento Futuro enfatiz\u00f3 la importancia de la unidad entre los movimientos sociales para enfrentar los desaf\u00edos que presenta el pa\u00eds. \u00abSolo a trav\u00e9s del trabajo conjunto podremos lograr las transformaciones que Venezuela necesita. Es momento de dejar atr\u00e1s las diferencias y enfocarnos en lo que realmente importa: el bienestar de nuestro pueblo\u00bb, afirm\u00f3.<\/p><p>Rodr\u00edguez destac\u00f3 el papel fundamental de la juventud en este proceso. \u00abLa nueva generaci\u00f3n tiene la responsabilidad de ser agente de cambio. Debemos empoderar a nuestros j\u00f3venes para que se conviertan en l\u00edderes en sus comunidades y promotores de las transformaciones que anhelamos\u00bb, se\u00f1al\u00f3.<\/p><p>El encuentro concluy\u00f3 con un llamado a la acci\u00f3n y un compromiso firme por parte de todos los movimientos presentes para trabajar en conjunto hacia un futuro mejor. Los participantes acordaron mantener un di\u00e1logo constante y establecer mecanismos de seguimiento para garantizar que las propuestas discutidas se traduzcan en acciones concretas.<\/p><p>Este evento representa un paso significativo en la construcci\u00f3n de un frente com\u00fan entre los movimientos sociales, reafirmando su compromiso con la transformaci\u00f3n y el bienestar del pueblo. La esperanza y el trabajo conjunto son ahora m\u00e1s necesarios que nunca en la b\u00fasqueda de un futuro pr\u00f3spero para todos los venezolanos.<\/p>\t\t\t\t\t\t<\/div>\n\t\t\t\t<\/div>\n\t\t\t\t\t<\/div>\n\t\t\t\t<\/div>\n\t\t<div class=\"elementor-element elementor-element-9700b48 e-grid e-con-boxed e-con e-parent\" data-id=\"9700b48\" data-element_type=\"container\">\n\t\t\t\t\t<div class=\"e-con-inner\">\n\t\t\t\t<div class=\"elementor-element elementor-element-c3f6ee7 elementor-widget elementor-widget-image\" data-id=\"c3f6ee7\" data-element_type=\"widget\" data-widget_type=\"image.default\">\n\t\t\t\t<div class=\"elementor-widget-container\">\n\t\t\t<style>\/*! elementor - v3.22.0 - 26-06-2024 *\/\n.elementor-widget-image{text-align:center}.elementor-widget-image a{display:inline-block}.elementor-widget-image a img[src$=\".svg\"]{width:48px}.elementor-widget-image img{vertical-align:middle;display:inline-block}<\/style>\t\t\t\t\t\t\t\t\t\t<img fetchpriority=\"high\" decoding=\"async\" width=\"1024\" height=\"576\" src=\"http:\/\/conapdis.gob.ve\/wordpress\/wp-content\/uploads\/2025\/01\/9d8bfe2e-ffd2-4ee8-a7b5-cbca50445c24-1024x576.jpeg\" class=\"attachment-large size-large wp-image-2581\" alt=\"\" srcset=\"http:\/\/conapdis.gob.ve\/wordpress\/wp-content\/uploads\/2025\/01\/9d8bfe2e-ffd2-4ee8-a7b5-cbca50445c24-1024x576.jpeg 1024w, http:\/\/conapdis.gob.ve\/wordpress\/wp-content\/uploads\/2025\/01\/9d8bfe2e-ffd2-4ee8-a7b5-cbca50445c24-300x169.jpeg 300w, http:\/\/conapdis.gob.ve\/wordpress\/wp-content\/uploads\/2025\/01\/9d8bfe2e-ffd2-4ee8-a7b5-cbca50445c24-768x432.jpeg 768w, http:\/\/conapdis.gob.ve\/wordpress\/wp-content\/uploads\/2025\/01\/9d8bfe2e-ffd2-4ee8-a7b5-cbca50445c24.jpeg 1280w\" sizes=\"(max-width: 1024px) 100vw, 1024px\" \/>\t\t\t\t\t\t\t\t\t\t\t\t\t<\/div>\n\t\t\t\t<\/div>\n\t\t\t\t<div class=\"elementor-element elementor-element-2f5bd50 elementor-widget elementor-widget-image\" data-id=\"2f5bd50\" data-element_type=\"widget\" data-widget_type=\"image.default\">\n\t\t\t\t<div class=\"elementor-widget-container\">\n\t\t\t\t\t\t\t\t\t\t\t\t\t<img decoding=\"async\" width=\"1024\" height=\"581\" src=\"http:\/\/conapdis.gob.ve\/wordpress\/wp-content\/uploads\/2025\/01\/9a187220-2b7b-4355-90b4-ff576749213a-1-1024x581.jpeg\" class=\"attachment-large size-large wp-image-2583\" alt=\"\" srcset=\"http:\/\/conapdis.gob.ve\/wordpress\/wp-content\/uploads\/2025\/01\/9a187220-2b7b-4355-90b4-ff576749213a-1-1024x581.jpeg 1024w, http:\/\/conapdis.gob.ve\/wordpress\/wp-content\/uploads\/2025\/01\/9a187220-2b7b-4355-90b4-ff576749213a-1-300x170.jpeg 300w, http:\/\/conapdis.gob.ve\/wordpress\/wp-content\/uploads\/2025\/01\/9a187220-2b7b-4355-90b4-ff576749213a-1-768x436.jpeg 768w, http:\/\/conapdis.gob.ve\/wordpress\/wp-content\/uploads\/2025\/01\/9a187220-2b7b-4355-90b4-ff576749213a-1.jpeg 1280w\" sizes=\"(max-width: 1024px) 100vw, 1024px\" \/>\t\t\t\t\t\t\t\t\t\t\t\t\t<\/div>\n\t\t\t\t<\/div>\n\t\t\t\t\t<\/div>\n\t\t\t\t<\/div>\n\t\t\t\t<\/div>\n\t\t<div class=\"gsp_post_data\" data-post_type=\"post\" data-cat=\"\" data-modified=\"120\" data-title=\"ENCUENTRO DE MOVIMIENTOS SOCIALES: HACIA UN FUTURO TRANSFORMADOR\" data-home=\"http:\/\/conapdis.gob.ve\/wordpress\"><\/div>","protected":false},"excerpt":{"rendered":"<p>Caracas &#8211; En un ambiente de colaboraci\u00f3n y compromiso, la sede de Venezuela Joven fue el escenario del reciente encuentro [&hellip;]<\/p>\n","protected":false},"author":2,"featured_media":2587,"comment_status":"closed","ping_status":"open","sticky":false,"template":"","format":"standard","meta":{"site-sidebar-layout":"default","site-content-layout":"","ast-site-content-layout":"","site-content-style":"default","site-sidebar-style":"default","ast-global-header-display":"","ast-banner-title-visibility":"","ast-main-header-display":"","ast-hfb-above-header-display":"","ast-hfb-below-header-display":"","ast-hfb-mobile-header-display":"","site-post-title":"","ast-breadcrumbs-content":"","ast-featured-img":"","footer-sml-layout":"","theme-transparent-header-meta":"","adv-header-id-meta":"","stick-header-meta":"","header-above-stick-meta":"","header-main-stick-meta":"","header-below-stick-meta":"","astra-migrate-meta-layouts":"default","ast-page-background-enabled":"default","ast-page-background-meta":{"desktop":{"background-color":"var(--ast-global-color-4)","background-image":"","background-repeat":"repeat","background-position":"center center","background-size":"auto","background-attachment":"scroll","background-type":"","background-media":"","overlay-type":"","overlay-color":"","overlay-opacity":"","overlay-gradient":""},"tablet":{"background-color":"","background-image":"","background-repeat":"repeat","background-position":"center center","background-size":"auto","background-attachment":"scroll","background-type":"","background-media":"","overlay-type":"","overlay-color":"","overlay-opacity":"","overlay-gradient":""},"mobile":{"background-color":"","background-image":"","background-repeat":"repeat","background-position":"center center","background-size":"auto","background-attachment":"scroll","background-type":"","background-media":"","overlay-type":"","overlay-color":"","overlay-opacity":"","overlay-gradient":""}},"ast-content-background-meta":{"desktop":{"background-color":"var(--ast-global-color-5)","background-image":"","background-repeat":"repeat","background-position":"center center","background-size":"auto","background-attachment":"scroll","background-type":"","background-media":"","overlay-type":"","overlay-color":"","overlay-opacity":"","overlay-gradient":""},"tablet":{"background-color":"var(--ast-global-color-5)","background-image":"","background-repeat":"repeat","background-position":"center center","background-size":"auto","background-attachment":"scroll","background-type":"","background-media":"","overlay-type":"","overlay-color":"","overlay-opacity":"","overlay-gradient":""},"mobile":{"background-color":"var(--ast-global-color-5)","background-image":"","background-repeat":"repeat","background-position":"center center","background-size":"auto","background-attachment":"scroll","background-type":"","background-media":"","overlay-type":"","overlay-color":"","overlay-opacity":"","overlay-gradient":""}},"footnotes":""},"categories":[],"tags":[],"class_list":["post-2579","post","type-post","status-publish","format-standard","has-post-thumbnail","hentry"],"_links":{"self":[{"href":"http:\/\/conapdis.gob.ve\/wordpress\/wp-json\/wp\/v2\/posts\/2579"}],"collection":[{"href":"http:\/\/conapdis.gob.ve\/wordpress\/wp-json\/wp\/v2\/posts"}],"about":[{"href":"http:\/\/conapdis.gob.ve\/wordpress\/wp-json\/wp\/v2\/types\/post"}],"author":[{"embeddable":true,"href":"http:\/\/conapdis.gob.ve\/wordpress\/wp-json\/wp\/v2\/users\/2"}],"replies":[{"embeddable":true,"href":"http:\/\/conapdis.gob.ve\/wordpress\/wp-json\/wp\/v2\/comments?post=2579"}],"version-history":[{"count":7,"href":"http:\/\/conapdis.gob.ve\/wordpress\/wp-json\/wp\/v2\/posts\/2579\/revisions"}],"predecessor-version":[{"id":2591,"href":"http:\/\/conapdis.gob.ve\/wordpress\/wp-json\/wp\/v2\/posts\/2579\/revisions\/2591"}],"wp:featuredmedia":[{"embeddable":true,"href":"http:\/\/conapdis.gob.ve\/wordpress\/wp-json\/wp\/v2\/media\/2587"}],"wp:attachment":[{"href":"http:\/\/conapdis.gob.ve\/wordpress\/wp-json\/wp\/v2\/media?parent=2579"}],"wp:term":[{"taxonomy":"category","embeddable":true,"href":"http:\/\/conapdis.gob.ve\/wordpress\/wp-json\/wp\/v2\/categories?post=2579"},{"taxonomy":"post_tag","embeddable":true,"href":"http:\/\/conapdis.gob.ve\/wordpress\/wp-json\/wp\/v2\/tags?post=2579"}],"curies":[{"name":"wp","href":"https:\/\/api.w.org\/{rel}","templated":true}]}}