{"id":2453,"date":"2025-01-07T10:44:35","date_gmt":"2025-01-07T14:44:35","guid":{"rendered":"http:\/\/conapdis.gob.ve\/wordpress\/?p=2453"},"modified":"2025-01-07T10:49:30","modified_gmt":"2025-01-07T14:49:30","slug":"la-inclusion-y-el-liderazgo-de-fabricio-figueredo-en-barinas","status":"publish","type":"post","link":"http:\/\/conapdis.gob.ve\/wordpress\/la-inclusion-y-el-liderazgo-de-fabricio-figueredo-en-barinas\/","title":{"rendered":"LA INCLUSI\u00d3N Y EL LIDERAZGO DE FABRICIO FIGUEREDO EN BARINAS"},"content":{"rendered":"\t\t<div data-elementor-type=\"wp-post\" data-elementor-id=\"2453\" class=\"elementor elementor-2453\" data-elementor-post-type=\"post\">\n\t\t\t\t<div class=\"elementor-element elementor-element-a7024f9 e-flex e-con-boxed e-con e-parent\" data-id=\"a7024f9\" data-element_type=\"container\">\n\t\t\t\t\t<div class=\"e-con-inner\">\n\t\t\t\t<div class=\"elementor-element elementor-element-356389a elementor-widget elementor-widget-heading\" data-id=\"356389a\" data-element_type=\"widget\" data-widget_type=\"heading.default\">\n\t\t\t\t<div class=\"elementor-widget-container\">\n\t\t\t<style>\/*! elementor - v3.22.0 - 26-06-2024 *\/\n.elementor-heading-title{padding:0;margin:0;line-height:1}.elementor-widget-heading .elementor-heading-title[class*=elementor-size-]>a{color:inherit;font-size:inherit;line-height:inherit}.elementor-widget-heading .elementor-heading-title.elementor-size-small{font-size:15px}.elementor-widget-heading .elementor-heading-title.elementor-size-medium{font-size:19px}.elementor-widget-heading .elementor-heading-title.elementor-size-large{font-size:29px}.elementor-widget-heading .elementor-heading-title.elementor-size-xl{font-size:39px}.elementor-widget-heading .elementor-heading-title.elementor-size-xxl{font-size:59px}<\/style><h3 class=\"elementor-heading-title elementor-size-default\">Un Compromiso con la Comunidad<\/h3>\t\t<\/div>\n\t\t\t\t<\/div>\n\t\t\t\t\t<\/div>\n\t\t\t\t<\/div>\n\t\t<div class=\"elementor-element elementor-element-f763a8c e-flex e-con-boxed e-con e-parent\" data-id=\"f763a8c\" data-element_type=\"container\">\n\t\t\t\t\t<div class=\"e-con-inner\">\n\t\t\t\t<div class=\"elementor-element elementor-element-4052a30 elementor-widget elementor-widget-text-editor\" data-id=\"4052a30\" data-element_type=\"widget\" data-widget_type=\"text-editor.default\">\n\t\t\t\t<div class=\"elementor-widget-container\">\n\t\t\t<style>\/*! elementor - v3.22.0 - 26-06-2024 *\/\n.elementor-widget-text-editor.elementor-drop-cap-view-stacked .elementor-drop-cap{background-color:#69727d;color:#fff}.elementor-widget-text-editor.elementor-drop-cap-view-framed .elementor-drop-cap{color:#69727d;border:3px solid;background-color:transparent}.elementor-widget-text-editor:not(.elementor-drop-cap-view-default) .elementor-drop-cap{margin-top:8px}.elementor-widget-text-editor:not(.elementor-drop-cap-view-default) .elementor-drop-cap-letter{width:1em;height:1em}.elementor-widget-text-editor .elementor-drop-cap{float:left;text-align:center;line-height:1;font-size:50px}.elementor-widget-text-editor .elementor-drop-cap-letter{display:inline-block}<\/style>\t\t\t\t<p>Este lunes 6 de enero se ha convirti\u00f3 en una fecha emblem\u00e1tica en Barinas, no solo por ser el inicio de un nuevo a\u00f1o, sino por la significativa asunci\u00f3n de Fabricio Figueredo como Secretario del Consejo Legislativo de la entidad. Figueredo, quien se ha destacado como Coordinador de la Fundaci\u00f3n Misi\u00f3n Jos\u00e9 Gregorio Hern\u00e1ndez en el estado, representa un s\u00edmbolo de superaci\u00f3n y compromiso social. Su elecci\u00f3n es un hito que trasciende la pol\u00edtica local, marcando un avance hacia la inclusi\u00f3n de las personas con discapacidad en los espacios de toma de decisiones.<\/p>\n<p>La presencia de Figueredo en un cargo tan relevante es un mensaje poderoso para la sociedad: la discapacidad no debe ser un obst\u00e1culo para el liderazgo. Al contrario, su experiencia y perspectiva \u00fanica pueden enriquecer el debate pol\u00edtico y contribuir a la creaci\u00f3n de pol\u00edticas m\u00e1s inclusivas y equitativas. En un mundo donde muchas veces las voces de las personas con discapacidad son silenciadas o ignoradas, Figueredo se convierte en un faro de esperanza y representaci\u00f3n.<\/p>\n<p>La juramentaci\u00f3n de la nueva Junta Directiva del Consejo Legislativo, encabezada por la presidenta Keissy G\u00f3mez y la vicepresidenta Amalia Pereira, tambi\u00e9n refleja un cambio en la din\u00e1mica pol\u00edtica de Barinas. Es esencial que estas l\u00edderes trabajen en conjunto con Figueredo para construir un entorno legislativo que priorice la equidad y el bienestar de todos los barinenses, especialmente aquellos que enfrentan barreras debido a su condici\u00f3n.<\/p>\n<p>La inclusi\u00f3n no es solo una cuesti\u00f3n de justicia social; es una necesidad pr\u00e1ctica. Las pol\u00edticas p\u00fablicas deben reflejar la diversidad de la poblaci\u00f3n y responder a las necesidades de todos los ciudadanos. En este sentido, Figueredo tiene la oportunidad de abogar por iniciativas que garanticen accesibilidad en todos los \u00e1mbitos: educaci\u00f3n, salud, empleo y participaci\u00f3n pol\u00edtica. Su voz puede ser determinante para impulsar cambios que beneficien a las comunidades m\u00e1s vulnerables.<\/p>\n<p>Adem\u00e1s, es crucial que el Consejo Legislativo fomente un di\u00e1logo abierto y participativo con la ciudadan\u00eda. La cercan\u00eda con las comunidades permitir\u00e1 identificar sus verdaderas necesidades y expectativas. La colaboraci\u00f3n con organizaciones sociales y grupos comunitarios ser\u00e1 fundamental para dise\u00f1ar programas que realmente impacten en la vida de las personas.<\/p>\n<p>La asunci\u00f3n de Fabricio Figueredo como Secretario del Consejo Legislativo de Barinas es un acontecimiento que trasciende lo pol\u00edtico; es un llamado a la inclusi\u00f3n y al reconocimiento del valor de cada individuo en nuestra sociedad. La historia est\u00e1 siendo escrita, y es momento de que todas las voces sean escuchadas y valoradas en el proceso.<\/p>\t\t\t\t\t\t<\/div>\n\t\t\t\t<\/div>\n\t\t\t\t\t<\/div>\n\t\t\t\t<\/div>\n\t\t<div class=\"elementor-element elementor-element-20b344e e-flex e-con-boxed e-con e-parent\" data-id=\"20b344e\" data-element_type=\"container\">\n\t\t\t\t\t<div class=\"e-con-inner\">\n\t\t<div class=\"elementor-element elementor-element-f15ddf5 e-con-full e-flex e-con e-child\" data-id=\"f15ddf5\" data-element_type=\"container\">\n\t\t\t\t<div class=\"elementor-element elementor-element-f2d3556 elementor-widget elementor-widget-image\" data-id=\"f2d3556\" data-element_type=\"widget\" data-widget_type=\"image.default\">\n\t\t\t\t<div class=\"elementor-widget-container\">\n\t\t\t<style>\/*! elementor - v3.22.0 - 26-06-2024 *\/\n.elementor-widget-image{text-align:center}.elementor-widget-image a{display:inline-block}.elementor-widget-image a img[src$=\".svg\"]{width:48px}.elementor-widget-image img{vertical-align:middle;display:inline-block}<\/style>\t\t\t\t\t\t\t\t\t\t<img fetchpriority=\"high\" decoding=\"async\" width=\"1024\" height=\"576\" src=\"http:\/\/conapdis.gob.ve\/wordpress\/wp-content\/uploads\/2025\/01\/photo_2025-01-06_15-35-34-1024x576.jpg\" class=\"attachment-large size-large wp-image-2455\" alt=\"\" srcset=\"http:\/\/conapdis.gob.ve\/wordpress\/wp-content\/uploads\/2025\/01\/photo_2025-01-06_15-35-34-1024x576.jpg 1024w, http:\/\/conapdis.gob.ve\/wordpress\/wp-content\/uploads\/2025\/01\/photo_2025-01-06_15-35-34-300x169.jpg 300w, http:\/\/conapdis.gob.ve\/wordpress\/wp-content\/uploads\/2025\/01\/photo_2025-01-06_15-35-34-768x432.jpg 768w, http:\/\/conapdis.gob.ve\/wordpress\/wp-content\/uploads\/2025\/01\/photo_2025-01-06_15-35-34.jpg 1280w\" sizes=\"(max-width: 1024px) 100vw, 1024px\" \/>\t\t\t\t\t\t\t\t\t\t\t\t\t<\/div>\n\t\t\t\t<\/div>\n\t\t\t\t<\/div>\n\t\t<div class=\"elementor-element elementor-element-bb3b1cd e-con-full e-flex e-con e-child\" data-id=\"bb3b1cd\" data-element_type=\"container\">\n\t\t\t\t<div class=\"elementor-element elementor-element-1292807 elementor-widget elementor-widget-image\" data-id=\"1292807\" data-element_type=\"widget\" data-widget_type=\"image.default\">\n\t\t\t\t<div class=\"elementor-widget-container\">\n\t\t\t\t\t\t\t\t\t\t\t\t\t<img decoding=\"async\" width=\"1024\" height=\"612\" src=\"http:\/\/conapdis.gob.ve\/wordpress\/wp-content\/uploads\/2025\/01\/photo_2025-01-06_15-35-35-1-1024x612.jpg\" class=\"attachment-large size-large wp-image-2457\" alt=\"\" srcset=\"http:\/\/conapdis.gob.ve\/wordpress\/wp-content\/uploads\/2025\/01\/photo_2025-01-06_15-35-35-1-1024x612.jpg 1024w, http:\/\/conapdis.gob.ve\/wordpress\/wp-content\/uploads\/2025\/01\/photo_2025-01-06_15-35-35-1-300x179.jpg 300w, http:\/\/conapdis.gob.ve\/wordpress\/wp-content\/uploads\/2025\/01\/photo_2025-01-06_15-35-35-1-768x459.jpg 768w, http:\/\/conapdis.gob.ve\/wordpress\/wp-content\/uploads\/2025\/01\/photo_2025-01-06_15-35-35-1.jpg 1280w\" sizes=\"(max-width: 1024px) 100vw, 1024px\" \/>\t\t\t\t\t\t\t\t\t\t\t\t\t<\/div>\n\t\t\t\t<\/div>\n\t\t\t\t<\/div>\n\t\t\t\t\t<\/div>\n\t\t\t\t<\/div>\n\t\t\t\t<\/div>\n\t\t<div class=\"gsp_post_data\" data-post_type=\"post\" data-cat=\"\" data-modified=\"120\" data-title=\"LA INCLUSI\u00d3N Y EL LIDERAZGO DE FABRICIO FIGUEREDO EN BARINAS\" data-home=\"http:\/\/conapdis.gob.ve\/wordpress\"><\/div>","protected":false},"excerpt":{"rendered":"<p>Un Compromiso con la Comunidad Este lunes 6 de enero se ha convirti\u00f3 en una fecha emblem\u00e1tica en Barinas, no [&hellip;]<\/p>\n","protected":false},"author":2,"featured_media":2456,"comment_status":"closed","ping_status":"open","sticky":false,"template":"","format":"standard","meta":{"site-sidebar-layout":"default","site-content-layout":"","ast-site-content-layout":"","site-content-style":"default","site-sidebar-style":"default","ast-global-header-display":"","ast-banner-title-visibility":"","ast-main-header-display":"","ast-hfb-above-header-display":"","ast-hfb-below-header-display":"","ast-hfb-mobile-header-display":"","site-post-title":"","ast-breadcrumbs-content":"","ast-featured-img":"","footer-sml-layout":"","theme-transparent-header-meta":"","adv-header-id-meta":"","stick-header-meta":"","header-above-stick-meta":"","header-main-stick-meta":"","header-below-stick-meta":"","astra-migrate-meta-layouts":"default","ast-page-background-enabled":"default","ast-page-background-meta":{"desktop":{"background-color":"var(--ast-global-color-4)","background-image":"","background-repeat":"repeat","background-position":"center center","background-size":"auto","background-attachment":"scroll","background-type":"","background-media":"","overlay-type":"","overlay-color":"","overlay-opacity":"","overlay-gradient":""},"tablet":{"background-color":"","background-image":"","background-repeat":"repeat","background-position":"center center","background-size":"auto","background-attachment":"scroll","background-type":"","background-media":"","overlay-type":"","overlay-color":"","overlay-opacity":"","overlay-gradient":""},"mobile":{"background-color":"","background-image":"","background-repeat":"repeat","background-position":"center center","background-size":"auto","background-attachment":"scroll","background-type":"","background-media":"","overlay-type":"","overlay-color":"","overlay-opacity":"","overlay-gradient":""}},"ast-content-background-meta":{"desktop":{"background-color":"var(--ast-global-color-5)","background-image":"","background-repeat":"repeat","background-position":"center center","background-size":"auto","background-attachment":"scroll","background-type":"","background-media":"","overlay-type":"","overlay-color":"","overlay-opacity":"","overlay-gradient":""},"tablet":{"background-color":"var(--ast-global-color-5)","background-image":"","background-repeat":"repeat","background-position":"center center","background-size":"auto","background-attachment":"scroll","background-type":"","background-media":"","overlay-type":"","overlay-color":"","overlay-opacity":"","overlay-gradient":""},"mobile":{"background-color":"var(--ast-global-color-5)","background-image":"","background-repeat":"repeat","background-position":"center center","background-size":"auto","background-attachment":"scroll","background-type":"","background-media":"","overlay-type":"","overlay-color":"","overlay-opacity":"","overlay-gradient":""}},"footnotes":""},"categories":[],"tags":[],"class_list":["post-2453","post","type-post","status-publish","format-standard","has-post-thumbnail","hentry"],"_links":{"self":[{"href":"http:\/\/conapdis.gob.ve\/wordpress\/wp-json\/wp\/v2\/posts\/2453"}],"collection":[{"href":"http:\/\/conapdis.gob.ve\/wordpress\/wp-json\/wp\/v2\/posts"}],"about":[{"href":"http:\/\/conapdis.gob.ve\/wordpress\/wp-json\/wp\/v2\/types\/post"}],"author":[{"embeddable":true,"href":"http:\/\/conapdis.gob.ve\/wordpress\/wp-json\/wp\/v2\/users\/2"}],"replies":[{"embeddable":true,"href":"http:\/\/conapdis.gob.ve\/wordpress\/wp-json\/wp\/v2\/comments?post=2453"}],"version-history":[{"count":4,"href":"http:\/\/conapdis.gob.ve\/wordpress\/wp-json\/wp\/v2\/posts\/2453\/revisions"}],"predecessor-version":[{"id":2460,"href":"http:\/\/conapdis.gob.ve\/wordpress\/wp-json\/wp\/v2\/posts\/2453\/revisions\/2460"}],"wp:featuredmedia":[{"embeddable":true,"href":"http:\/\/conapdis.gob.ve\/wordpress\/wp-json\/wp\/v2\/media\/2456"}],"wp:attachment":[{"href":"http:\/\/conapdis.gob.ve\/wordpress\/wp-json\/wp\/v2\/media?parent=2453"}],"wp:term":[{"taxonomy":"category","embeddable":true,"href":"http:\/\/conapdis.gob.ve\/wordpress\/wp-json\/wp\/v2\/categories?post=2453"},{"taxonomy":"post_tag","embeddable":true,"href":"http:\/\/conapdis.gob.ve\/wordpress\/wp-json\/wp\/v2\/tags?post=2453"}],"curies":[{"name":"wp","href":"https:\/\/api.w.org\/{rel}","templated":true}]}}