{"id":2193,"date":"2024-11-25T11:37:22","date_gmt":"2024-11-25T15:37:22","guid":{"rendered":"http:\/\/conapdis.gob.ve\/wordpress\/?p=2193"},"modified":"2024-11-25T11:42:59","modified_gmt":"2024-11-25T15:42:59","slug":"conapdis-se-suma-al-dia-internacional-de-la-eliminacion-de-la-violencia-contra-la-mujer","status":"publish","type":"post","link":"http:\/\/conapdis.gob.ve\/wordpress\/conapdis-se-suma-al-dia-internacional-de-la-eliminacion-de-la-violencia-contra-la-mujer\/","title":{"rendered":"CONAPDIS SE SUMA AL D\u00cdA INTERNACIONAL DE LA ELIMINACI\u00d3N DE LA VIOLENCIA CONTRA LA MUJER:"},"content":{"rendered":"\t\t<div data-elementor-type=\"wp-post\" data-elementor-id=\"2193\" class=\"elementor elementor-2193\" data-elementor-post-type=\"post\">\n\t\t\t\t<div class=\"elementor-element elementor-element-364d76e e-flex e-con-boxed e-con e-parent\" data-id=\"364d76e\" data-element_type=\"container\">\n\t\t\t\t\t<div class=\"e-con-inner\">\n\t\t\t\t<div class=\"elementor-element elementor-element-4fa75fd elementor-widget elementor-widget-heading\" data-id=\"4fa75fd\" data-element_type=\"widget\" data-widget_type=\"heading.default\">\n\t\t\t\t<div class=\"elementor-widget-container\">\n\t\t\t<style>\/*! elementor - v3.22.0 - 26-06-2024 *\/\n.elementor-heading-title{padding:0;margin:0;line-height:1}.elementor-widget-heading .elementor-heading-title[class*=elementor-size-]>a{color:inherit;font-size:inherit;line-height:inherit}.elementor-widget-heading .elementor-heading-title.elementor-size-small{font-size:15px}.elementor-widget-heading .elementor-heading-title.elementor-size-medium{font-size:19px}.elementor-widget-heading .elementor-heading-title.elementor-size-large{font-size:29px}.elementor-widget-heading .elementor-heading-title.elementor-size-xl{font-size:39px}.elementor-widget-heading .elementor-heading-title.elementor-size-xxl{font-size:59px}<\/style><h3 class=\"elementor-heading-title elementor-size-default\">Un Compromiso con la Igualdad y la Dignidad<\/h3>\t\t<\/div>\n\t\t\t\t<\/div>\n\t\t\t\t\t<\/div>\n\t\t\t\t<\/div>\n\t\t<div class=\"elementor-element elementor-element-d78c815 e-flex e-con-boxed e-con e-parent\" data-id=\"d78c815\" data-element_type=\"container\">\n\t\t\t\t\t<div class=\"e-con-inner\">\n\t\t\t\t<div class=\"elementor-element elementor-element-61f399f elementor-widget elementor-widget-text-editor\" data-id=\"61f399f\" data-element_type=\"widget\" data-widget_type=\"text-editor.default\">\n\t\t\t\t<div class=\"elementor-widget-container\">\n\t\t\t<style>\/*! elementor - v3.22.0 - 26-06-2024 *\/\n.elementor-widget-text-editor.elementor-drop-cap-view-stacked .elementor-drop-cap{background-color:#69727d;color:#fff}.elementor-widget-text-editor.elementor-drop-cap-view-framed .elementor-drop-cap{color:#69727d;border:3px solid;background-color:transparent}.elementor-widget-text-editor:not(.elementor-drop-cap-view-default) .elementor-drop-cap{margin-top:8px}.elementor-widget-text-editor:not(.elementor-drop-cap-view-default) .elementor-drop-cap-letter{width:1em;height:1em}.elementor-widget-text-editor .elementor-drop-cap{float:left;text-align:center;line-height:1;font-size:50px}.elementor-widget-text-editor .elementor-drop-cap-letter{display:inline-block}<\/style>\t\t\t\t<p>Cada 25 de noviembre, el mundo se une en un llamado a la acci\u00f3n para erradicar la violencia contra las mujeres. En este contexto, el Consejo Nacional para las Personas con Discapacidad (CONAPDIS) reafirma su compromiso con la lucha por la igualdad y la dignidad de todas las mujeres, incluidas aquellas que viven con discapacidad. La violencia de g\u00e9nero es un fen\u00f3meno complejo y multifac\u00e9tico que afecta a millones de mujeres en todo el mundo, y es fundamental que se aborden las particularidades que enfrentan las mujeres con discapacidad en esta problem\u00e1tica.<\/p><p>La violencia contra las mujeres no conoce fronteras; se manifiesta en diversas formas y contextos, y las mujeres con discapacidad son particularmente propensas a sufrir maltrato. Seg\u00fan estudios recientes, estas mujeres enfrentan tasas m\u00e1s altas de violencia f\u00edsica, sexual y emocional en comparaci\u00f3n con sus pares sin discapacidad. Esta realidad es inaceptable y exige una respuesta decidida y efectiva por parte de todos los sectores de la sociedad.<\/p><p>Desde CONAPDIS, reconocemos que la violencia de g\u00e9nero se entrelaza con otras formas de discriminaci\u00f3n. Las mujeres con discapacidad a menudo enfrentan barreras adicionales que dificultan su acceso a servicios de apoyo, justicia y protecci\u00f3n. La falta de sensibilizaci\u00f3n sobre sus derechos, as\u00ed como la ausencia de pol\u00edticas inclusivas, contribuyen a perpetuar un ciclo de violencia y abuso. Por ello, es imperativo que nuestras pol\u00edticas y programas no solo reconozcan la violencia de g\u00e9nero, sino que tambi\u00e9n aborden las necesidades espec\u00edficas de las mujeres con discapacidad.<\/p><p>La educaci\u00f3n juega un papel en la prevenci\u00f3n de la violencia. Las escuelas deben ser espacios seguros donde se ense\u00f1e a los ni\u00f1os y ni\u00f1as sobre el valor de la diversidad y la inclusi\u00f3n, as\u00ed como sobre el rechazo a cualquier forma de violencia. La sensibilizaci\u00f3n sobre los derechos de las personas con discapacidad debe ser parte integral de estos programas.<\/p><p>Debemos trabajar juntos para construir una sociedad donde todas las mujeres, sin importar su condici\u00f3n, puedan vivir libres de violencia y discriminaci\u00f3n. Esto implica no solo reconocer la existencia del problema, sino tambi\u00e9n implementar acciones concretas que promuevan la igualdad y protejan los derechos de todas.<\/p><p>El Presidente de la Rep\u00fablica Bolivariana de Venezuela Nicolas Maduro Moros y la Presidenta del CONAPDIS y la Fundaci\u00f3n Misi\u00f3n Jos\u00e9 Gregorio Hern\u00e1ndez Soraida Ram\u00edrez Osorio, comprometidos a seguir trabajando en pro de una sociedad m\u00e1s inclusiva. Abogamos por pol\u00edticas p\u00fablicas que garanticen la protecci\u00f3n de las mujeres con discapacidad y que promuevan su empoderamiento. La lucha contra la violencia de g\u00e9nero es una responsabilidad compartida, y solo a trav\u00e9s del trabajo conjunto podremos lograr un cambio significativo.<\/p><p>Hoy, alzamos nuestras voces junto a todas las mujeres del mundo para decir \u00a1basta!. Reafirmamos nuestro compromiso con la eliminaci\u00f3n de todas las formas de violencia contra las mujeres y ni\u00f1as, y nos unimos en solidaridad para construir un futuro donde cada mujer, sin excepci\u00f3n, pueda vivir con dignidad, respeto y libertad.<\/p>\t\t\t\t\t\t<\/div>\n\t\t\t\t<\/div>\n\t\t\t\t\t<\/div>\n\t\t\t\t<\/div>\n\t\t\t\t<\/div>\n\t\t<div class=\"gsp_post_data\" data-post_type=\"post\" data-cat=\"\" data-modified=\"120\" data-title=\"CONAPDIS SE SUMA AL D\u00cdA INTERNACIONAL DE LA ELIMINACI\u00d3N DE LA VIOLENCIA CONTRA LA MUJER:\" data-home=\"http:\/\/conapdis.gob.ve\/wordpress\"><\/div>","protected":false},"excerpt":{"rendered":"<p>Un Compromiso con la Igualdad y la Dignidad Cada 25 de noviembre, el mundo se une en un llamado a [&hellip;]<\/p>\n","protected":false},"author":2,"featured_media":2197,"comment_status":"closed","ping_status":"open","sticky":false,"template":"","format":"standard","meta":{"site-sidebar-layout":"default","site-content-layout":"","ast-site-content-layout":"","site-content-style":"default","site-sidebar-style":"default","ast-global-header-display":"","ast-banner-title-visibility":"","ast-main-header-display":"","ast-hfb-above-header-display":"","ast-hfb-below-header-display":"","ast-hfb-mobile-header-display":"","site-post-title":"","ast-breadcrumbs-content":"","ast-featured-img":"","footer-sml-layout":"","theme-transparent-header-meta":"","adv-header-id-meta":"","stick-header-meta":"","header-above-stick-meta":"","header-main-stick-meta":"","header-below-stick-meta":"","astra-migrate-meta-layouts":"default","ast-page-background-enabled":"default","ast-page-background-meta":{"desktop":{"background-color":"var(--ast-global-color-4)","background-image":"","background-repeat":"repeat","background-position":"center center","background-size":"auto","background-attachment":"scroll","background-type":"","background-media":"","overlay-type":"","overlay-color":"","overlay-opacity":"","overlay-gradient":""},"tablet":{"background-color":"","background-image":"","background-repeat":"repeat","background-position":"center center","background-size":"auto","background-attachment":"scroll","background-type":"","background-media":"","overlay-type":"","overlay-color":"","overlay-opacity":"","overlay-gradient":""},"mobile":{"background-color":"","background-image":"","background-repeat":"repeat","background-position":"center center","background-size":"auto","background-attachment":"scroll","background-type":"","background-media":"","overlay-type":"","overlay-color":"","overlay-opacity":"","overlay-gradient":""}},"ast-content-background-meta":{"desktop":{"background-color":"var(--ast-global-color-5)","background-image":"","background-repeat":"repeat","background-position":"center center","background-size":"auto","background-attachment":"scroll","background-type":"","background-media":"","overlay-type":"","overlay-color":"","overlay-opacity":"","overlay-gradient":""},"tablet":{"background-color":"var(--ast-global-color-5)","background-image":"","background-repeat":"repeat","background-position":"center center","background-size":"auto","background-attachment":"scroll","background-type":"","background-media":"","overlay-type":"","overlay-color":"","overlay-opacity":"","overlay-gradient":""},"mobile":{"background-color":"var(--ast-global-color-5)","background-image":"","background-repeat":"repeat","background-position":"center center","background-size":"auto","background-attachment":"scroll","background-type":"","background-media":"","overlay-type":"","overlay-color":"","overlay-opacity":"","overlay-gradient":""}},"footnotes":""},"categories":[],"tags":[],"class_list":["post-2193","post","type-post","status-publish","format-standard","has-post-thumbnail","hentry"],"_links":{"self":[{"href":"http:\/\/conapdis.gob.ve\/wordpress\/wp-json\/wp\/v2\/posts\/2193"}],"collection":[{"href":"http:\/\/conapdis.gob.ve\/wordpress\/wp-json\/wp\/v2\/posts"}],"about":[{"href":"http:\/\/conapdis.gob.ve\/wordpress\/wp-json\/wp\/v2\/types\/post"}],"author":[{"embeddable":true,"href":"http:\/\/conapdis.gob.ve\/wordpress\/wp-json\/wp\/v2\/users\/2"}],"replies":[{"embeddable":true,"href":"http:\/\/conapdis.gob.ve\/wordpress\/wp-json\/wp\/v2\/comments?post=2193"}],"version-history":[{"count":3,"href":"http:\/\/conapdis.gob.ve\/wordpress\/wp-json\/wp\/v2\/posts\/2193\/revisions"}],"predecessor-version":[{"id":2196,"href":"http:\/\/conapdis.gob.ve\/wordpress\/wp-json\/wp\/v2\/posts\/2193\/revisions\/2196"}],"wp:featuredmedia":[{"embeddable":true,"href":"http:\/\/conapdis.gob.ve\/wordpress\/wp-json\/wp\/v2\/media\/2197"}],"wp:attachment":[{"href":"http:\/\/conapdis.gob.ve\/wordpress\/wp-json\/wp\/v2\/media?parent=2193"}],"wp:term":[{"taxonomy":"category","embeddable":true,"href":"http:\/\/conapdis.gob.ve\/wordpress\/wp-json\/wp\/v2\/categories?post=2193"},{"taxonomy":"post_tag","embeddable":true,"href":"http:\/\/conapdis.gob.ve\/wordpress\/wp-json\/wp\/v2\/tags?post=2193"}],"curies":[{"name":"wp","href":"https:\/\/api.w.org\/{rel}","templated":true}]}}